
{"id":10795,"date":"2011-03-11T07:37:36","date_gmt":"2011-03-11T06:37:36","guid":{"rendered":"http:\/\/adamczewscy.pl\/?p=3139"},"modified":"2011-03-11T07:37:36","modified_gmt":"2011-03-11T06:37:36","slug":"krem-bananowy","status":"publish","type":"post","link":"https:\/\/blog.polityka.pl\/adamczewski\/2011\/03\/11\/krem-bananowy\/","title":{"rendered":"Krem bananowy"},"content":{"rendered":"<p><em>Pojemnik serka homogenizowanego (25 dag), 2 dojrza\u0142e banany, \u0142y\u017ceczka \u017celatyny instant, nieco mniej ni\u017c p\u00f3\u0142 szklanki mleka, 2 \u017c\u00f3\u0142tka, 3 \u0142y\u017cki cukru pudru, cytryna, 3\/4 szklanki rodzynek<\/em><\/p>\n<p>1. \u017belatyn\u0119 zala\u0107 wrz\u0105cym mlekiem i miesza\u0107, a\u017c si\u0119 rozpu\u015bci. Odstawi\u0107.<br \/>\n2. Utrze\u0107 \u017c\u00f3\u0142tka z cukrem, doda\u0107 odrobin\u0119 startej cytrynowej sk\u00f3rki (uprzednio nale\u017cy dok\u0142adnie umy\u0107 sk\u00f3rk\u0119 cytrynow\u0105), sok z cytryny, serek homogenizowany i och\u0142odzona \u017celatyn\u0119.<br \/>\n3. W pucharkach uk\u0142ada\u0107 plasterki banana, na nich warstw\u0119 kremu serowego, zn\u00f3w banany i tak a\u017c do wyczerpania si\u0119 sk\u0142adnik\u00f3w. Wierzch kremu posypa\u0107 umytymi i osuszonymi rodzynkami. Schodzi\u0107 w lod\u00f3wce. <\/p>\n","protected":false},"excerpt":{"rendered":"<p>Pojemnik serka homogenizowanego (25 dag), 2 dojrza\u0142e banany, \u0142y\u017ceczka \u017celatyny instant, nieco mniej ni\u017c p\u00f3\u0142 szklanki mleka, 2 \u017c\u00f3\u0142tka, 3 \u0142y\u017cki cukru pudru, cytryna, 3\/4 szklanki rodzynek 1. \u017belatyn\u0119 zala\u0107 wrz\u0105cym mlekiem i miesza\u0107, a\u017c si\u0119 rozpu\u015bci. Odstawi\u0107. 2. Utrze\u0107 \u017c\u00f3\u0142tka z cukrem, doda\u0107 odrobin\u0119 startej cytrynowej sk\u00f3rki (uprzednio nale\u017cy dok\u0142adnie umy\u0107 sk\u00f3rk\u0119 cytrynow\u0105), sok [&hellip;]<\/p>\n","protected":false},"author":2,"featured_media":0,"comment_status":"open","ping_status":"open","sticky":false,"template":"","format":"standard","meta":{"footnotes":""},"categories":[1],"tags":[],"_links":{"self":[{"href":"https:\/\/blog.polityka.pl\/adamczewski\/wp-json\/wp\/v2\/posts\/10795"}],"collection":[{"href":"https:\/\/blog.polityka.pl\/adamczewski\/wp-json\/wp\/v2\/posts"}],"about":[{"href":"https:\/\/blog.polityka.pl\/adamczewski\/wp-json\/wp\/v2\/types\/post"}],"author":[{"embeddable":true,"href":"https:\/\/blog.polityka.pl\/adamczewski\/wp-json\/wp\/v2\/users\/2"}],"replies":[{"embeddable":true,"href":"https:\/\/blog.polityka.pl\/adamczewski\/wp-json\/wp\/v2\/comments?post=10795"}],"version-history":[{"count":0,"href":"https:\/\/blog.polityka.pl\/adamczewski\/wp-json\/wp\/v2\/posts\/10795\/revisions"}],"wp:attachment":[{"href":"https:\/\/blog.polityka.pl\/adamczewski\/wp-json\/wp\/v2\/media?parent=10795"}],"wp:term":[{"taxonomy":"category","embeddable":true,"href":"https:\/\/blog.polityka.pl\/adamczewski\/wp-json\/wp\/v2\/categories?post=10795"},{"taxonomy":"post_tag","embeddable":true,"href":"https:\/\/blog.polityka.pl\/adamczewski\/wp-json\/wp\/v2\/tags?post=10795"}],"curies":[{"name":"wp","href":"https:\/\/api.w.org\/{rel}","templated":true}]}}