
{"id":10796,"date":"2011-03-11T07:38:15","date_gmt":"2011-03-11T06:38:15","guid":{"rendered":"http:\/\/adamczewscy.pl\/?p=3140"},"modified":"2011-03-11T07:38:15","modified_gmt":"2011-03-11T06:38:15","slug":"babeczki-z-dzemem","status":"publish","type":"post","link":"https:\/\/blog.polityka.pl\/adamczewski\/2011\/03\/11\/babeczki-z-dzemem\/","title":{"rendered":"Babeczki z d\u017cemem"},"content":{"rendered":"<p><em>Na ciasto: 2 niepe\u0142ne szklanki m\u0105ki, 3 jaja, niepe\u0142na szklanka cukru pudru, 2\/3 kostki mas\u0142a<br \/>\nDo posmarowania foremek na babki: 2 \u0142y\u017cki mas\u0142a<br \/>\nJako nadzienie: p\u00f3l s\u0142oika d\u017cemu \u015bliwkowego lub powide\u0142<br \/>\nNa mas\u0119 serow\u0105:25 dag sera trzykrotnie mielonego, jajko, \u0142y\u017cka \u015bmietany, \u0142y\u017cka cukru, cukier waniliowy<br \/>\n<\/em><\/p>\n<p>1. Jaja ubi\u0107 z cukrem pudrem na pulchna mas\u0119 (najlepiej mikserem), doda\u0107 do m\u0105ki wraz z pokrojonym na kawa\u0142ki mas\u0142em. Zagnie\u015b\u0107 ciasto, w foliowej torebce umie\u015bci\u0107 je w lod\u00f3wce na godzin\u0119.<br \/>\n2. Po godzinie rozwa\u0142kowa\u0107 ciasto i wylepi\u0107 nim posmarowane dok\u0142adnie mas\u0142em foremki na babki. Ponak\u0142uwa\u0107 dno babeczek widelcem.<br \/>\n3. Nagrza\u0107 piekarnik do temperatury 180\u00b0C i piec babeczki mniej wi\u0119cej 10 minut, do momentu, kiedy si\u0119 zrumieni\u0105.<br \/>\n4. Zmiksowac ser z jajkiem, cukrem i cukrem waniliowym.<br \/>\n5. Do upieczonych babeczek na dno wk\u0142ada\u0107 \u0142y\u017ceczk\u0119 d\u017cemu lub powide\u0142, nakrywa\u0107 mas\u0105 serow\u0105.<br \/>\n6. Piekarnik nagrza\u0107 do 200\u00b0C i zapieka\u0107 w nim babeczki kolejne 10 minut.<br \/>\n7. Babeczki wyjmowa\u0107 jeszcze lekko ciep\u0142e z foremek. <\/p>\n","protected":false},"excerpt":{"rendered":"<p>Na ciasto: 2 niepe\u0142ne szklanki m\u0105ki, 3 jaja, niepe\u0142na szklanka cukru pudru, 2\/3 kostki mas\u0142a Do posmarowania foremek na babki: 2 \u0142y\u017cki mas\u0142a Jako nadzienie: p\u00f3l s\u0142oika d\u017cemu \u015bliwkowego lub powide\u0142 Na mas\u0119 serow\u0105:25 dag sera trzykrotnie mielonego, jajko, \u0142y\u017cka \u015bmietany, \u0142y\u017cka cukru, cukier waniliowy 1. Jaja ubi\u0107 z cukrem pudrem na pulchna mas\u0119 (najlepiej [&hellip;]<\/p>\n","protected":false},"author":2,"featured_media":0,"comment_status":"open","ping_status":"open","sticky":false,"template":"","format":"standard","meta":{"footnotes":""},"categories":[1],"tags":[],"_links":{"self":[{"href":"https:\/\/blog.polityka.pl\/adamczewski\/wp-json\/wp\/v2\/posts\/10796"}],"collection":[{"href":"https:\/\/blog.polityka.pl\/adamczewski\/wp-json\/wp\/v2\/posts"}],"about":[{"href":"https:\/\/blog.polityka.pl\/adamczewski\/wp-json\/wp\/v2\/types\/post"}],"author":[{"embeddable":true,"href":"https:\/\/blog.polityka.pl\/adamczewski\/wp-json\/wp\/v2\/users\/2"}],"replies":[{"embeddable":true,"href":"https:\/\/blog.polityka.pl\/adamczewski\/wp-json\/wp\/v2\/comments?post=10796"}],"version-history":[{"count":0,"href":"https:\/\/blog.polityka.pl\/adamczewski\/wp-json\/wp\/v2\/posts\/10796\/revisions"}],"wp:attachment":[{"href":"https:\/\/blog.polityka.pl\/adamczewski\/wp-json\/wp\/v2\/media?parent=10796"}],"wp:term":[{"taxonomy":"category","embeddable":true,"href":"https:\/\/blog.polityka.pl\/adamczewski\/wp-json\/wp\/v2\/categories?post=10796"},{"taxonomy":"post_tag","embeddable":true,"href":"https:\/\/blog.polityka.pl\/adamczewski\/wp-json\/wp\/v2\/tags?post=10796"}],"curies":[{"name":"wp","href":"https:\/\/api.w.org\/{rel}","templated":true}]}}