
{"id":10797,"date":"2011-03-18T06:51:18","date_gmt":"2011-03-18T05:51:18","guid":{"rendered":"http:\/\/adamczewscy.pl\/?p=3142"},"modified":"2011-03-18T06:51:18","modified_gmt":"2011-03-18T05:51:18","slug":"babka-ktora-robi-sie-sama","status":"publish","type":"post","link":"https:\/\/blog.polityka.pl\/adamczewski\/2011\/03\/18\/babka-ktora-robi-sie-sama\/","title":{"rendered":"Babka, kt\u00f3ra robi si\u0119 sama"},"content":{"rendered":"<p><em>6 \u0142y\u017cek m\u0105ki pszennej, 2 szklanki m\u0105ki ziemniaczanej, 2 szklanki cukru, 6 \u0142y\u017cek oleju, kostka mas\u0142a, 6 jaj, ma\u0142a torebka proszku do pieczenia, 2 \u0142y\u017cki octu<br \/>\nDo wysmarowania formy: \u0142y\u017cka mas\u0142a<br \/>\nDo wysypania formy: 2 \u0142y\u017cki tartej bu\u0142ki<br \/>\nDo dekorowania babki: p\u00f3\u0142 tabliczki gorzkiej czekolady, \u0142y\u017cka mleka<\/em><\/p>\n<p>1. Wszystkie sk\u0142adniki umie\u015bci\u0107 w wysokiej misce i dok\u0142adnie zmiksowa\u0107.<br \/>\n2. Przela\u0107 ciasto do wysmarowanej mas\u0142em i wysypanej tarta bu\u0142k\u0105 formy babowej.<br \/>\n3. Nagrza\u0107 piekarnik do 180\u00b0C i piec w niej babk\u0119 oko\u0142o 40 minut.<br \/>\n4. W kuchence mikrofalowej lub w kubeczku umieszczonym w wi\u0119kszym garnuszku z wrz\u0105c\u0105 woda rozpu\u015bci\u0107 czekolad\u0119, doda\u0107 mleko i wymiesza\u0107. Pola\u0107 babk\u0119 rozpuszczon\u0105 czekolad\u0105. <\/p>\n","protected":false},"excerpt":{"rendered":"<p>6 \u0142y\u017cek m\u0105ki pszennej, 2 szklanki m\u0105ki ziemniaczanej, 2 szklanki cukru, 6 \u0142y\u017cek oleju, kostka mas\u0142a, 6 jaj, ma\u0142a torebka proszku do pieczenia, 2 \u0142y\u017cki octu Do wysmarowania formy: \u0142y\u017cka mas\u0142a Do wysypania formy: 2 \u0142y\u017cki tartej bu\u0142ki Do dekorowania babki: p\u00f3\u0142 tabliczki gorzkiej czekolady, \u0142y\u017cka mleka 1. Wszystkie sk\u0142adniki umie\u015bci\u0107 w wysokiej misce i [&hellip;]<\/p>\n","protected":false},"author":2,"featured_media":0,"comment_status":"open","ping_status":"open","sticky":false,"template":"","format":"standard","meta":{"footnotes":""},"categories":[1],"tags":[],"_links":{"self":[{"href":"https:\/\/blog.polityka.pl\/adamczewski\/wp-json\/wp\/v2\/posts\/10797"}],"collection":[{"href":"https:\/\/blog.polityka.pl\/adamczewski\/wp-json\/wp\/v2\/posts"}],"about":[{"href":"https:\/\/blog.polityka.pl\/adamczewski\/wp-json\/wp\/v2\/types\/post"}],"author":[{"embeddable":true,"href":"https:\/\/blog.polityka.pl\/adamczewski\/wp-json\/wp\/v2\/users\/2"}],"replies":[{"embeddable":true,"href":"https:\/\/blog.polityka.pl\/adamczewski\/wp-json\/wp\/v2\/comments?post=10797"}],"version-history":[{"count":0,"href":"https:\/\/blog.polityka.pl\/adamczewski\/wp-json\/wp\/v2\/posts\/10797\/revisions"}],"wp:attachment":[{"href":"https:\/\/blog.polityka.pl\/adamczewski\/wp-json\/wp\/v2\/media?parent=10797"}],"wp:term":[{"taxonomy":"category","embeddable":true,"href":"https:\/\/blog.polityka.pl\/adamczewski\/wp-json\/wp\/v2\/categories?post=10797"},{"taxonomy":"post_tag","embeddable":true,"href":"https:\/\/blog.polityka.pl\/adamczewski\/wp-json\/wp\/v2\/tags?post=10797"}],"curies":[{"name":"wp","href":"https:\/\/api.w.org\/{rel}","templated":true}]}}