
{"id":10799,"date":"2011-03-18T06:53:20","date_gmt":"2011-03-18T05:53:20","guid":{"rendered":"http:\/\/adamczewscy.pl\/?p=3144"},"modified":"2011-03-18T06:53:20","modified_gmt":"2011-03-18T05:53:20","slug":"makaron-z-kurczakiem-i-pieczarkami","status":"publish","type":"post","link":"https:\/\/blog.polityka.pl\/adamczewski\/2011\/03\/18\/makaron-z-kurczakiem-i-pieczarkami\/","title":{"rendered":"Makaron z kurczakiem i pieczarkami"},"content":{"rendered":"<p><em>30 dag mi\u0119sa z piersi kurczaka, 30 dag pieczarek, 4 \u0142y\u017cki oliwy z oliwek szklanka \u015bmietanki (mo\u017ce by\u0107 12-proc. cho\u0107 smaczniejsza b\u0119dzie 30-proc.), 2 z\u0105bki czosnku, s\u00f3l, pieprz, szczypta zi\u00f3\u0142 prowansalskich, 3\/4 paczki makaronu \u015bwiderki lub rurki, ? szklanki startego parmezanu lub cheddara, 2 \u0142y\u017cki posiekanej zielonej pietruszki<br \/>\n<\/em><br \/>\n1. Oczy\u015bci\u0107 pieczarki, pokroi\u0107 w plasterki.<br \/>\n2. Mi\u0119so kurczaka pokroi\u0107  w kostk\u0119.<br \/>\n3. Na g\u0142\u0119bszej patelni rozgrza\u0107 oliw\u0119, zeszkli\u0107 na niej przeci\u015bni\u0119ty przez prask\u0119 czosnek, doda\u0107 mi\u0119so a kiedy lekko sie podsma\u017cy doda\u0107 pieczarki. Sma\u017cy\u0107 oko\u0142o 5-7 minut, na koniec doda\u0107 \u015bmietank\u0119 i s\u00f3l oraz pieprz a tak\u017ce zio\u0142a prowansalskie.<br \/>\n4. Ugotowa\u0107 makaron, odcedzi\u0107. Zagrza\u0107 zn\u00f3w sos pieczarkowo-kurcz\u0119cy, doda\u0107 makaron oraz starty ser, wymiesza\u0107, posypa\u0107 siekan\u0105 zielon\u0105 pietruszk\u0105. <\/p>\n","protected":false},"excerpt":{"rendered":"<p>30 dag mi\u0119sa z piersi kurczaka, 30 dag pieczarek, 4 \u0142y\u017cki oliwy z oliwek szklanka \u015bmietanki (mo\u017ce by\u0107 12-proc. cho\u0107 smaczniejsza b\u0119dzie 30-proc.), 2 z\u0105bki czosnku, s\u00f3l, pieprz, szczypta zi\u00f3\u0142 prowansalskich, 3\/4 paczki makaronu \u015bwiderki lub rurki, ? szklanki startego parmezanu lub cheddara, 2 \u0142y\u017cki posiekanej zielonej pietruszki 1. Oczy\u015bci\u0107 pieczarki, pokroi\u0107 w plasterki. 2. [&hellip;]<\/p>\n","protected":false},"author":2,"featured_media":0,"comment_status":"open","ping_status":"open","sticky":false,"template":"","format":"standard","meta":{"footnotes":""},"categories":[1],"tags":[],"_links":{"self":[{"href":"https:\/\/blog.polityka.pl\/adamczewski\/wp-json\/wp\/v2\/posts\/10799"}],"collection":[{"href":"https:\/\/blog.polityka.pl\/adamczewski\/wp-json\/wp\/v2\/posts"}],"about":[{"href":"https:\/\/blog.polityka.pl\/adamczewski\/wp-json\/wp\/v2\/types\/post"}],"author":[{"embeddable":true,"href":"https:\/\/blog.polityka.pl\/adamczewski\/wp-json\/wp\/v2\/users\/2"}],"replies":[{"embeddable":true,"href":"https:\/\/blog.polityka.pl\/adamczewski\/wp-json\/wp\/v2\/comments?post=10799"}],"version-history":[{"count":0,"href":"https:\/\/blog.polityka.pl\/adamczewski\/wp-json\/wp\/v2\/posts\/10799\/revisions"}],"wp:attachment":[{"href":"https:\/\/blog.polityka.pl\/adamczewski\/wp-json\/wp\/v2\/media?parent=10799"}],"wp:term":[{"taxonomy":"category","embeddable":true,"href":"https:\/\/blog.polityka.pl\/adamczewski\/wp-json\/wp\/v2\/categories?post=10799"},{"taxonomy":"post_tag","embeddable":true,"href":"https:\/\/blog.polityka.pl\/adamczewski\/wp-json\/wp\/v2\/tags?post=10799"}],"curies":[{"name":"wp","href":"https:\/\/api.w.org\/{rel}","templated":true}]}}