
{"id":108,"date":"2006-12-20T08:00:58","date_gmt":"2006-12-20T07:00:58","guid":{"rendered":"http:\/\/adamczewski.blog.polityka.pl\/?p=108"},"modified":"2006-12-18T12:36:26","modified_gmt":"2006-12-18T11:36:26","slug":"zgadnij-co-gotujemy-19","status":"publish","type":"post","link":"https:\/\/blog.polityka.pl\/adamczewski\/2006\/12\/20\/zgadnij-co-gotujemy-19\/","title":{"rendered":"Zgadnij co gotujemy (19)"},"content":{"rendered":"<p>To zagadka \u015bwi\u0105teczna. B\u0119dzie wi\u0119c i nagroda odpowiadaj\u0105ca \u015bwi\u0119tom. Zwyci\u0119zca b\u0119dzie jeden ale za to dostanie pod choink\u0119 dwie ksi\u0105\u017cki. Obie wydane przez Nowy \u015awiat i to w ostatnich dniach. Mam na my\u015bli ksi\u0105\u017ck\u0119 Barbary &#8222;Nowo\u015bci na talerzu&#8221; i moj\u0105 &#8222;Krwaw\u0105 histori\u0119 smaku&#8221;. Obie oczywi\u015bcie z autografami i dedykacjami. Poniewa\u017c obydwoje jako autorzy jeste\u015bmy dumni z naszych ostatnich dzie\u0142 to w swoim zarozumialstwie s\u0105dzimy, \u017ce i nagrodzeni b\u0119d\u0105 si\u0119 cieszy\u0107. Bo to i porcja lektury, i sporo po\u017cytku w kuchni.<\/p>\n<p>A oto pytania:<br \/>\n1)\u00a0Sk\u0105d i kiedy (wystarczy poda\u0107 stulecie) przyw\u0119drowa\u0142a do Polski \u015bwi\u0105teczna choinka?<br \/>\n2)\u00a0Trzy magiczne produkty wchodz\u0105ce w sk\u0142ad wieczerzy wigilijnej to:<br \/>\n3)\u00a0Wigilijnym daniem jest karp lub szczupak w szarym sosie\u00a0&#8211; z\u00a0czego jest ten sos?<\/p>\n<p>Odpowiedzi nale\u017cy przysy\u0142a\u0107 jak zwykle na adres: <a href=\"mailto:internet@polityka.com.pl\">internet@polityka.com.pl<\/a><br \/>\nKto pierwszy ten lepszy. Pod warunkiem, \u017ce odpowiedzi b\u0119d\u0105 prawid\u0142owe.<\/p>\n","protected":false},"excerpt":{"rendered":"<p>To zagadka \u015bwi\u0105teczna. B\u0119dzie wi\u0119c i nagroda odpowiadaj\u0105ca \u015bwi\u0119tom. Zwyci\u0119zca b\u0119dzie jeden ale za to dostanie pod choink\u0119 dwie ksi\u0105\u017cki. Obie wydane przez Nowy \u015awiat i to w ostatnich dniach. Mam na my\u015bli ksi\u0105\u017ck\u0119 Barbary &#8222;Nowo\u015bci na talerzu&#8221; i moj\u0105 &#8222;Krwaw\u0105 histori\u0119 smaku&#8221;. Obie oczywi\u015bcie z autografami i dedykacjami. Poniewa\u017c obydwoje jako autorzy jeste\u015bmy dumni [&hellip;]<\/p>\n","protected":false},"author":2,"featured_media":0,"comment_status":"open","ping_status":"open","sticky":false,"template":"","format":"standard","meta":{"footnotes":""},"categories":[1],"tags":[],"_links":{"self":[{"href":"https:\/\/blog.polityka.pl\/adamczewski\/wp-json\/wp\/v2\/posts\/108"}],"collection":[{"href":"https:\/\/blog.polityka.pl\/adamczewski\/wp-json\/wp\/v2\/posts"}],"about":[{"href":"https:\/\/blog.polityka.pl\/adamczewski\/wp-json\/wp\/v2\/types\/post"}],"author":[{"embeddable":true,"href":"https:\/\/blog.polityka.pl\/adamczewski\/wp-json\/wp\/v2\/users\/2"}],"replies":[{"embeddable":true,"href":"https:\/\/blog.polityka.pl\/adamczewski\/wp-json\/wp\/v2\/comments?post=108"}],"version-history":[{"count":0,"href":"https:\/\/blog.polityka.pl\/adamczewski\/wp-json\/wp\/v2\/posts\/108\/revisions"}],"wp:attachment":[{"href":"https:\/\/blog.polityka.pl\/adamczewski\/wp-json\/wp\/v2\/media?parent=108"}],"wp:term":[{"taxonomy":"category","embeddable":true,"href":"https:\/\/blog.polityka.pl\/adamczewski\/wp-json\/wp\/v2\/categories?post=108"},{"taxonomy":"post_tag","embeddable":true,"href":"https:\/\/blog.polityka.pl\/adamczewski\/wp-json\/wp\/v2\/tags?post=108"}],"curies":[{"name":"wp","href":"https:\/\/api.w.org\/{rel}","templated":true}]}}