
{"id":10800,"date":"2011-03-18T06:54:36","date_gmt":"2011-03-18T05:54:36","guid":{"rendered":"http:\/\/adamczewscy.pl\/?p=3145"},"modified":"2011-03-18T06:54:36","modified_gmt":"2011-03-18T05:54:36","slug":"mielone-niemal-bez-miesa","status":"publish","type":"post","link":"https:\/\/blog.polityka.pl\/adamczewski\/2011\/03\/18\/mielone-niemal-bez-miesa\/","title":{"rendered":"Mielone niemal bez mi\u0119sa"},"content":{"rendered":"<p><em>40 dag mielonego mi\u0119sa z indyka, 3 ugotowane spore ziemniaki, du\u017ca marchew, 2 \u0142y\u017cki oleju, jajko, tartej bu\u0142ki tyle, ile ?zabierze? masa, cz\u0105ber, s\u00f3l, pieprz<br \/>\nDo sma\u017cenia: 4 \u0142y\u017cki oleju, tarta bu\u0142ka<\/em><\/p>\n<p>1. Ziemniaki dok\u0142adnie pot\u0142uc, przepu\u015bci\u0107 przez prask\u0119 lub zemle\u0107 w maszynce.<br \/>\n2. Marchew zetrze\u0107 na drobnej tarce, wrzuci\u0107 na rozgrzany olej i podsma\u017cy\u0107, a\u017c stanie si\u0119 mi\u0119kka.<br \/>\n3. Wymiesza\u0107 mi\u0119so z jajkiem, ziemniakami, marchwi\u0105, doprawi\u0107 cz\u0105brem, sola pieprzem oraz wyrabiaj\u0105c mas\u0119 dodawa\u0107 tart\u0105 bu\u0142k\u0119, aby masa sta\u0142a si\u0119 dostatecznie zwarta.<br \/>\n4. Formowa z masy owalne kotlety, panierowa\u0107 je w tartej bu\u0142ce. Sma\u017cy\u0107 na rozgrzanym oleju, z obu stron na rumiano. <\/p>\n","protected":false},"excerpt":{"rendered":"<p>40 dag mielonego mi\u0119sa z indyka, 3 ugotowane spore ziemniaki, du\u017ca marchew, 2 \u0142y\u017cki oleju, jajko, tartej bu\u0142ki tyle, ile ?zabierze? masa, cz\u0105ber, s\u00f3l, pieprz Do sma\u017cenia: 4 \u0142y\u017cki oleju, tarta bu\u0142ka 1. Ziemniaki dok\u0142adnie pot\u0142uc, przepu\u015bci\u0107 przez prask\u0119 lub zemle\u0107 w maszynce. 2. Marchew zetrze\u0107 na drobnej tarce, wrzuci\u0107 na rozgrzany olej i podsma\u017cy\u0107, [&hellip;]<\/p>\n","protected":false},"author":2,"featured_media":0,"comment_status":"open","ping_status":"open","sticky":false,"template":"","format":"standard","meta":{"footnotes":""},"categories":[1],"tags":[],"_links":{"self":[{"href":"https:\/\/blog.polityka.pl\/adamczewski\/wp-json\/wp\/v2\/posts\/10800"}],"collection":[{"href":"https:\/\/blog.polityka.pl\/adamczewski\/wp-json\/wp\/v2\/posts"}],"about":[{"href":"https:\/\/blog.polityka.pl\/adamczewski\/wp-json\/wp\/v2\/types\/post"}],"author":[{"embeddable":true,"href":"https:\/\/blog.polityka.pl\/adamczewski\/wp-json\/wp\/v2\/users\/2"}],"replies":[{"embeddable":true,"href":"https:\/\/blog.polityka.pl\/adamczewski\/wp-json\/wp\/v2\/comments?post=10800"}],"version-history":[{"count":0,"href":"https:\/\/blog.polityka.pl\/adamczewski\/wp-json\/wp\/v2\/posts\/10800\/revisions"}],"wp:attachment":[{"href":"https:\/\/blog.polityka.pl\/adamczewski\/wp-json\/wp\/v2\/media?parent=10800"}],"wp:term":[{"taxonomy":"category","embeddable":true,"href":"https:\/\/blog.polityka.pl\/adamczewski\/wp-json\/wp\/v2\/categories?post=10800"},{"taxonomy":"post_tag","embeddable":true,"href":"https:\/\/blog.polityka.pl\/adamczewski\/wp-json\/wp\/v2\/tags?post=10800"}],"curies":[{"name":"wp","href":"https:\/\/api.w.org\/{rel}","templated":true}]}}