
{"id":10801,"date":"2011-03-18T06:55:28","date_gmt":"2011-03-18T05:55:28","guid":{"rendered":"http:\/\/adamczewscy.pl\/?p=3146"},"modified":"2011-03-18T06:55:28","modified_gmt":"2011-03-18T05:55:28","slug":"zupa-cebulowa-troche-inna","status":"publish","type":"post","link":"https:\/\/blog.polityka.pl\/adamczewski\/2011\/03\/18\/zupa-cebulowa-troche-inna\/","title":{"rendered":"Zupa cebulowa troch\u0119 inna"},"content":{"rendered":"<p><em>50 dag cebuli, p\u00f3\u0142 \u015bredniego selera, 5 \u015brednich ziemniak\u00f3w, 2 \u0142y\u017cki oleju, 4 szklanki roso\u0142u warzywnego z kostki, 2 \u0142y\u017cki \u015bmietany, p\u00f3l szklanki startego \u017c\u00f3\u0142tego sera, 2 \u0142y\u017cki posiekanej zielonej pietruszki lub koperku do posypania<br \/>\nJako dodatek: groszek ptysiowy lub grzanki<br \/>\n<\/em><\/p>\n<p>1. Cebul\u0119 posieka\u0107 i zeszkli\u0107 na oleju.<br \/>\n2. Starty na tarce jarzynowej o du\u017cych oczkach seler doda\u0107 do cebuli, dusi\u0107 5 minut.<br \/>\n3. Do cebuli z selerem wla\u0107 ros\u00f3\u0142, doda\u0107 obrane i pokrojone w kostk\u0119 ziemniaki. Gotowa\u0107, a\u017c b\u0119d\u0105 mi\u0119kkie. Doprawi\u0107 sol\u0105 i pieprzem, lekko och\u0142odzi\u0107 i zmiksowa\u0107.<br \/>\n4. \u015amietan\u0119 wymiesza\u0107 z kilkoma \u0142y\u017ckami gor\u0105cej zupy, po\u0142\u0105czy\u0107 z ca\u0142a, pozosta\u0142a w garnku, doprowadzi\u0107 niemal do wrzenia.<br \/>\n5. Nalewa\u0107 zup\u0119 do talerzy lub bulion\u00f3wek, posypywa\u0107 obficie startym \u017c\u00f3\u0142tym serem i dodatkowo siekan\u0105 zielenin\u0105.<br \/>\nJako dodatek poda\u0107 groszek ptysiowy lub grzanki. <\/p>\n","protected":false},"excerpt":{"rendered":"<p>50 dag cebuli, p\u00f3\u0142 \u015bredniego selera, 5 \u015brednich ziemniak\u00f3w, 2 \u0142y\u017cki oleju, 4 szklanki roso\u0142u warzywnego z kostki, 2 \u0142y\u017cki \u015bmietany, p\u00f3l szklanki startego \u017c\u00f3\u0142tego sera, 2 \u0142y\u017cki posiekanej zielonej pietruszki lub koperku do posypania Jako dodatek: groszek ptysiowy lub grzanki 1. Cebul\u0119 posieka\u0107 i zeszkli\u0107 na oleju. 2. Starty na tarce jarzynowej o du\u017cych [&hellip;]<\/p>\n","protected":false},"author":2,"featured_media":0,"comment_status":"open","ping_status":"open","sticky":false,"template":"","format":"standard","meta":{"footnotes":""},"categories":[1],"tags":[],"_links":{"self":[{"href":"https:\/\/blog.polityka.pl\/adamczewski\/wp-json\/wp\/v2\/posts\/10801"}],"collection":[{"href":"https:\/\/blog.polityka.pl\/adamczewski\/wp-json\/wp\/v2\/posts"}],"about":[{"href":"https:\/\/blog.polityka.pl\/adamczewski\/wp-json\/wp\/v2\/types\/post"}],"author":[{"embeddable":true,"href":"https:\/\/blog.polityka.pl\/adamczewski\/wp-json\/wp\/v2\/users\/2"}],"replies":[{"embeddable":true,"href":"https:\/\/blog.polityka.pl\/adamczewski\/wp-json\/wp\/v2\/comments?post=10801"}],"version-history":[{"count":0,"href":"https:\/\/blog.polityka.pl\/adamczewski\/wp-json\/wp\/v2\/posts\/10801\/revisions"}],"wp:attachment":[{"href":"https:\/\/blog.polityka.pl\/adamczewski\/wp-json\/wp\/v2\/media?parent=10801"}],"wp:term":[{"taxonomy":"category","embeddable":true,"href":"https:\/\/blog.polityka.pl\/adamczewski\/wp-json\/wp\/v2\/categories?post=10801"},{"taxonomy":"post_tag","embeddable":true,"href":"https:\/\/blog.polityka.pl\/adamczewski\/wp-json\/wp\/v2\/tags?post=10801"}],"curies":[{"name":"wp","href":"https:\/\/api.w.org\/{rel}","templated":true}]}}