
{"id":10802,"date":"2011-03-18T06:56:17","date_gmt":"2011-03-18T05:56:17","guid":{"rendered":"http:\/\/adamczewscy.pl\/?p=3147"},"modified":"2011-03-18T06:56:17","modified_gmt":"2011-03-18T05:56:17","slug":"zapiekanka-bolonska","status":"publish","type":"post","link":"https:\/\/blog.polityka.pl\/adamczewski\/2011\/03\/18\/zapiekanka-bolonska\/","title":{"rendered":"Zapiekanka bolo\u0144ska"},"content":{"rendered":"<p><em>30 dag mielonej wieprzowiny lub mieszanego mi\u0119sa wo\u0142owo-wieprzowego, 2 \u0142y\u017cki oleju, 3 jaja, p\u00f3\u0142 szklanki \u015bmietany 12-proc., ca\u0142e opakowanie \u015bwiderk\u00f3w lub rurek, s\u0142oik sosu bolo\u0144skiego do spaghetti, puszka konserwowej kukurydzy, cebula i z\u0105bek czosnku, s\u00f3l, pieprz, szczypta suszonego oregano i szczypta suszonej bazylii, p\u00f3\u0142torej szklanki startego sera cheddar<br \/>\nDo wysmarowania naczynia \u017caroodpornego: \u0142y\u017cka mas\u0142a.<br \/>\n<\/em><br \/>\n1. Ugotowa\u0107 makaron nieco kr\u00f3cej ni\u017c podano na opakowaniu,  ods\u0105czy\u0107.<br \/>\n2. Cebul\u0119 i czosnek posieka\u0107, poddusi\u0107 na rozgrzanym oleju, doda\u0107 mi\u0119so i razem sma\u017cy\u0107 3 minuty, doprawi\u0107 sol\u0105 i pieprzem oraz zio\u0142ami.<br \/>\n3. W du\u017cej misce wymiesza\u0107 z jajami, podsma\u017conym mi\u0119sem, \u015bmietan\u0105, sosem bolo\u0144skim oraz kukurydz\u0105 i po\u0142ow\u0105 startego sera.<br \/>\n4. W wysmarowanym mas\u0142em naczyniu \u017caroodpornym u\u0142o\u017cy\u0107 makaron z mi\u0119sem, posypa\u0107 pozosta\u0142ym startym serem.<br \/>\n5. Piekarnik nagrzacdo190\u00b0C i zapieka\u0107 w nim potraw\u0119 oko\u0142o 30-40 minut. <\/p>\n","protected":false},"excerpt":{"rendered":"<p>30 dag mielonej wieprzowiny lub mieszanego mi\u0119sa wo\u0142owo-wieprzowego, 2 \u0142y\u017cki oleju, 3 jaja, p\u00f3\u0142 szklanki \u015bmietany 12-proc., ca\u0142e opakowanie \u015bwiderk\u00f3w lub rurek, s\u0142oik sosu bolo\u0144skiego do spaghetti, puszka konserwowej kukurydzy, cebula i z\u0105bek czosnku, s\u00f3l, pieprz, szczypta suszonego oregano i szczypta suszonej bazylii, p\u00f3\u0142torej szklanki startego sera cheddar Do wysmarowania naczynia \u017caroodpornego: \u0142y\u017cka mas\u0142a. 1. [&hellip;]<\/p>\n","protected":false},"author":2,"featured_media":0,"comment_status":"open","ping_status":"open","sticky":false,"template":"","format":"standard","meta":{"footnotes":""},"categories":[1],"tags":[],"_links":{"self":[{"href":"https:\/\/blog.polityka.pl\/adamczewski\/wp-json\/wp\/v2\/posts\/10802"}],"collection":[{"href":"https:\/\/blog.polityka.pl\/adamczewski\/wp-json\/wp\/v2\/posts"}],"about":[{"href":"https:\/\/blog.polityka.pl\/adamczewski\/wp-json\/wp\/v2\/types\/post"}],"author":[{"embeddable":true,"href":"https:\/\/blog.polityka.pl\/adamczewski\/wp-json\/wp\/v2\/users\/2"}],"replies":[{"embeddable":true,"href":"https:\/\/blog.polityka.pl\/adamczewski\/wp-json\/wp\/v2\/comments?post=10802"}],"version-history":[{"count":0,"href":"https:\/\/blog.polityka.pl\/adamczewski\/wp-json\/wp\/v2\/posts\/10802\/revisions"}],"wp:attachment":[{"href":"https:\/\/blog.polityka.pl\/adamczewski\/wp-json\/wp\/v2\/media?parent=10802"}],"wp:term":[{"taxonomy":"category","embeddable":true,"href":"https:\/\/blog.polityka.pl\/adamczewski\/wp-json\/wp\/v2\/categories?post=10802"},{"taxonomy":"post_tag","embeddable":true,"href":"https:\/\/blog.polityka.pl\/adamczewski\/wp-json\/wp\/v2\/tags?post=10802"}],"curies":[{"name":"wp","href":"https:\/\/api.w.org\/{rel}","templated":true}]}}