
{"id":10803,"date":"2011-03-25T06:56:21","date_gmt":"2011-03-25T05:56:21","guid":{"rendered":"http:\/\/adamczewscy.pl\/?p=3149"},"modified":"2011-03-25T06:56:21","modified_gmt":"2011-03-25T05:56:21","slug":"zupa-zakonna","status":"publish","type":"post","link":"https:\/\/blog.polityka.pl\/adamczewski\/2011\/03\/25\/zupa-zakonna\/","title":{"rendered":"Zupa zakonna"},"content":{"rendered":"<p><em>20 dag fasoli, 4 \u0142y\u017cki oleju, 2 du\u017ce marchwie, \u0107wier\u0107 du\u017cego selera, du\u017ca cebula, 4 p\u0142askie \u0142y\u017cki przecieru pomidorowego, s\u00f3l, s\u0142odka mielona papryka, \u0142y\u017ceczka majeranku, 2 \u0142y\u017cki posiekanej zielonej pietruszki<br \/>\n<\/em><br \/>\n1. Fasol\u0119 umy\u0107, zala\u0107 zimn\u0105 przegotowan\u0105 wod\u0105 (4 szklanki) i namoczy\u0107 przez 8 godzin. Po tym czasie ugotowa\u0107, dolewaj\u0105c w miar\u0119 wyparowywania po trochu wody.<br \/>\n2. Kiedy fasol\u0105 zaczyna mi\u0119kn\u0105\u0107, doda\u0107 pokrojon\u0105 w paski marchew i selera oraz posiekana cebul\u0119.<br \/>\n3. Tu\u017c przed podaniem doda\u0107 przecier, s\u00f3l, pieprz, majeranek i papryk\u0119. Podaj\u0105c posypa\u0107 siekan\u0105 zielon\u0105 pietruszk\u0105. <\/p>\n","protected":false},"excerpt":{"rendered":"<p>20 dag fasoli, 4 \u0142y\u017cki oleju, 2 du\u017ce marchwie, \u0107wier\u0107 du\u017cego selera, du\u017ca cebula, 4 p\u0142askie \u0142y\u017cki przecieru pomidorowego, s\u00f3l, s\u0142odka mielona papryka, \u0142y\u017ceczka majeranku, 2 \u0142y\u017cki posiekanej zielonej pietruszki 1. Fasol\u0119 umy\u0107, zala\u0107 zimn\u0105 przegotowan\u0105 wod\u0105 (4 szklanki) i namoczy\u0107 przez 8 godzin. Po tym czasie ugotowa\u0107, dolewaj\u0105c w miar\u0119 wyparowywania po trochu wody. [&hellip;]<\/p>\n","protected":false},"author":2,"featured_media":0,"comment_status":"open","ping_status":"open","sticky":false,"template":"","format":"standard","meta":{"footnotes":""},"categories":[1],"tags":[],"_links":{"self":[{"href":"https:\/\/blog.polityka.pl\/adamczewski\/wp-json\/wp\/v2\/posts\/10803"}],"collection":[{"href":"https:\/\/blog.polityka.pl\/adamczewski\/wp-json\/wp\/v2\/posts"}],"about":[{"href":"https:\/\/blog.polityka.pl\/adamczewski\/wp-json\/wp\/v2\/types\/post"}],"author":[{"embeddable":true,"href":"https:\/\/blog.polityka.pl\/adamczewski\/wp-json\/wp\/v2\/users\/2"}],"replies":[{"embeddable":true,"href":"https:\/\/blog.polityka.pl\/adamczewski\/wp-json\/wp\/v2\/comments?post=10803"}],"version-history":[{"count":0,"href":"https:\/\/blog.polityka.pl\/adamczewski\/wp-json\/wp\/v2\/posts\/10803\/revisions"}],"wp:attachment":[{"href":"https:\/\/blog.polityka.pl\/adamczewski\/wp-json\/wp\/v2\/media?parent=10803"}],"wp:term":[{"taxonomy":"category","embeddable":true,"href":"https:\/\/blog.polityka.pl\/adamczewski\/wp-json\/wp\/v2\/categories?post=10803"},{"taxonomy":"post_tag","embeddable":true,"href":"https:\/\/blog.polityka.pl\/adamczewski\/wp-json\/wp\/v2\/tags?post=10803"}],"curies":[{"name":"wp","href":"https:\/\/api.w.org\/{rel}","templated":true}]}}