
{"id":10805,"date":"2011-03-25T06:58:05","date_gmt":"2011-03-25T05:58:05","guid":{"rendered":"http:\/\/adamczewscy.pl\/?p=3151"},"modified":"2011-03-25T06:58:05","modified_gmt":"2011-03-25T05:58:05","slug":"ryba-w-cebulowej-panierce","status":"publish","type":"post","link":"https:\/\/blog.polityka.pl\/adamczewski\/2011\/03\/25\/ryba-w-cebulowej-panierce\/","title":{"rendered":"Ryba w cebulowej panierce"},"content":{"rendered":"<p><em>5-6 kostek filet\u00f3w rybnych (dorsz, morszczuk itp. ), 2 jaja, 4 \u0142y\u017cki m\u0105ki, 5 \u0142y\u017cek posiekanej drobno cebuli, s\u00f3l, pieprz, p\u00f3\u0142 szklanki oleju do sma\u017cenia<br \/>\n<\/em><br \/>\n1. Rozmrozi\u0107 filety rybne (dla przyspieszenia mo\u017cna je po\u0142o\u017cy\u0107 na talerzu i umie\u015bci\u0107 na garnku z wrz\u0105c\u0105 wod\u0105). Osuszy\u0107 ryby papierowym kuchennym r\u0119cznikiem.<br \/>\n2. Jajka dobrze roztrzepa\u0107 widelcem, wymiesza\u0107 z posiekan\u0105 cebul\u0105 oraz pieprzem i sol\u0105.<br \/>\n3. Kostki rybne najpierw obtacza\u0107 w m\u0105ce, nast\u0119pnie w jajkach z cebul\u0105 i przyprawami a na koniec zn\u00f3w w m\u0105ce.<br \/>\n4. Rozgrza\u0107 olej (nie nazbyt silnie), sma\u017cy\u0107 ryby \u0142\u0105cznie 15 minut z obu stron. <\/p>\n","protected":false},"excerpt":{"rendered":"<p>5-6 kostek filet\u00f3w rybnych (dorsz, morszczuk itp. ), 2 jaja, 4 \u0142y\u017cki m\u0105ki, 5 \u0142y\u017cek posiekanej drobno cebuli, s\u00f3l, pieprz, p\u00f3\u0142 szklanki oleju do sma\u017cenia 1. Rozmrozi\u0107 filety rybne (dla przyspieszenia mo\u017cna je po\u0142o\u017cy\u0107 na talerzu i umie\u015bci\u0107 na garnku z wrz\u0105c\u0105 wod\u0105). Osuszy\u0107 ryby papierowym kuchennym r\u0119cznikiem. 2. Jajka dobrze roztrzepa\u0107 widelcem, wymiesza\u0107 z [&hellip;]<\/p>\n","protected":false},"author":2,"featured_media":0,"comment_status":"open","ping_status":"open","sticky":false,"template":"","format":"standard","meta":{"footnotes":""},"categories":[1],"tags":[],"_links":{"self":[{"href":"https:\/\/blog.polityka.pl\/adamczewski\/wp-json\/wp\/v2\/posts\/10805"}],"collection":[{"href":"https:\/\/blog.polityka.pl\/adamczewski\/wp-json\/wp\/v2\/posts"}],"about":[{"href":"https:\/\/blog.polityka.pl\/adamczewski\/wp-json\/wp\/v2\/types\/post"}],"author":[{"embeddable":true,"href":"https:\/\/blog.polityka.pl\/adamczewski\/wp-json\/wp\/v2\/users\/2"}],"replies":[{"embeddable":true,"href":"https:\/\/blog.polityka.pl\/adamczewski\/wp-json\/wp\/v2\/comments?post=10805"}],"version-history":[{"count":0,"href":"https:\/\/blog.polityka.pl\/adamczewski\/wp-json\/wp\/v2\/posts\/10805\/revisions"}],"wp:attachment":[{"href":"https:\/\/blog.polityka.pl\/adamczewski\/wp-json\/wp\/v2\/media?parent=10805"}],"wp:term":[{"taxonomy":"category","embeddable":true,"href":"https:\/\/blog.polityka.pl\/adamczewski\/wp-json\/wp\/v2\/categories?post=10805"},{"taxonomy":"post_tag","embeddable":true,"href":"https:\/\/blog.polityka.pl\/adamczewski\/wp-json\/wp\/v2\/tags?post=10805"}],"curies":[{"name":"wp","href":"https:\/\/api.w.org\/{rel}","templated":true}]}}