
{"id":10806,"date":"2011-03-25T06:58:53","date_gmt":"2011-03-25T05:58:53","guid":{"rendered":"http:\/\/adamczewscy.pl\/?p=3152"},"modified":"2011-03-25T06:58:53","modified_gmt":"2011-03-25T05:58:53","slug":"dorsz-w-ciescie-orientalnym","status":"publish","type":"post","link":"https:\/\/blog.polityka.pl\/adamczewski\/2011\/03\/25\/dorsz-w-ciescie-orientalnym\/","title":{"rendered":"Dorsz w cie\u015bcie orientalnym"},"content":{"rendered":"<p><em>50 dag filet\u00f3w dorsza, s\u00f3l, pieprz<br \/>\nNa ciasto: szklanka m\u0105ki pszennej, \u0142y\u017ceczka maki ziemniaczanej, jajko, szklanka jasnego piwa, 3 \u0142y\u017ceczki sezamu<br \/>\nDo sma\u017cenia: p\u00f3\u0142 szklanki oleju<br \/>\n<\/em><br \/>\n1. Filety umy\u0107, osuszy\u0107 kuchennym papierowym r\u0119cznikiem, podzieli\u0107 na niezbyt du\u017ce kawa\u0142ki, posypa\u0107 sol\u0105 i pieprzem.<br \/>\n2. Przygotowa\u0107 ciasto: m\u0105k\u0119 pszenn\u0105 i ziemniaczan\u0105, jajka i piwo wyrobi\u0107 na do\u015b\u0107 g\u0119ste ciasto, doda\u0107 na koniec sezam i starannie wymiesza\u0107.<br \/>\n3. Macza\u0107 kawa\u0142ki ryby w cie\u015bcie i w oleju sma\u017cy\u0107 na z\u0142ocisto z obu stron.<br \/>\n4. Uk\u0142ada\u0107 po usma\u017ceniu na kuchennym papierowym r\u0119czniku, aby ociek\u0142y z nadmiaru t\u0142uszczu. <\/p>\n","protected":false},"excerpt":{"rendered":"<p>50 dag filet\u00f3w dorsza, s\u00f3l, pieprz Na ciasto: szklanka m\u0105ki pszennej, \u0142y\u017ceczka maki ziemniaczanej, jajko, szklanka jasnego piwa, 3 \u0142y\u017ceczki sezamu Do sma\u017cenia: p\u00f3\u0142 szklanki oleju 1. Filety umy\u0107, osuszy\u0107 kuchennym papierowym r\u0119cznikiem, podzieli\u0107 na niezbyt du\u017ce kawa\u0142ki, posypa\u0107 sol\u0105 i pieprzem. 2. Przygotowa\u0107 ciasto: m\u0105k\u0119 pszenn\u0105 i ziemniaczan\u0105, jajka i piwo wyrobi\u0107 na do\u015b\u0107 [&hellip;]<\/p>\n","protected":false},"author":2,"featured_media":0,"comment_status":"open","ping_status":"open","sticky":false,"template":"","format":"standard","meta":{"footnotes":""},"categories":[1],"tags":[],"_links":{"self":[{"href":"https:\/\/blog.polityka.pl\/adamczewski\/wp-json\/wp\/v2\/posts\/10806"}],"collection":[{"href":"https:\/\/blog.polityka.pl\/adamczewski\/wp-json\/wp\/v2\/posts"}],"about":[{"href":"https:\/\/blog.polityka.pl\/adamczewski\/wp-json\/wp\/v2\/types\/post"}],"author":[{"embeddable":true,"href":"https:\/\/blog.polityka.pl\/adamczewski\/wp-json\/wp\/v2\/users\/2"}],"replies":[{"embeddable":true,"href":"https:\/\/blog.polityka.pl\/adamczewski\/wp-json\/wp\/v2\/comments?post=10806"}],"version-history":[{"count":0,"href":"https:\/\/blog.polityka.pl\/adamczewski\/wp-json\/wp\/v2\/posts\/10806\/revisions"}],"wp:attachment":[{"href":"https:\/\/blog.polityka.pl\/adamczewski\/wp-json\/wp\/v2\/media?parent=10806"}],"wp:term":[{"taxonomy":"category","embeddable":true,"href":"https:\/\/blog.polityka.pl\/adamczewski\/wp-json\/wp\/v2\/categories?post=10806"},{"taxonomy":"post_tag","embeddable":true,"href":"https:\/\/blog.polityka.pl\/adamczewski\/wp-json\/wp\/v2\/tags?post=10806"}],"curies":[{"name":"wp","href":"https:\/\/api.w.org\/{rel}","templated":true}]}}