
{"id":10807,"date":"2011-03-25T06:59:51","date_gmt":"2011-03-25T05:59:51","guid":{"rendered":"http:\/\/adamczewscy.pl\/?p=3153"},"modified":"2011-03-25T06:59:51","modified_gmt":"2011-03-25T05:59:51","slug":"zupa-krem-marchewkowy-na-ostro","status":"publish","type":"post","link":"https:\/\/blog.polityka.pl\/adamczewski\/2011\/03\/25\/zupa-krem-marchewkowy-na-ostro\/","title":{"rendered":"Zupa krem marchewkowy na ostro"},"content":{"rendered":"<p><em>80 dag-1 kg marchwi, du\u017ca cebula, kwaskowe jab\u0142ko, \u0142y\u017ceczka soku cytrynowego, 2 \u0142y\u017cki mas\u0142a, 4 szklanki bulionu ciel\u0119cego z kostki, niepe\u0142na szklanka jogurtu naturalnego, 2 \u0142y\u017cki posiekanej zielonej pietruszki, s\u00f3l, pieprz, dla amator\u00f3w 3-4 krople sosu tabasco<br \/>\n<\/em><br \/>\n1. Obra\u0107 marchew, cebule i jab\u0142ko, pokroi\u0107 w plasterki, skropi\u0107 cytrynowym sokiem.<br \/>\n2. Na stopionym w garnku ma\u015ble najpierw zeszkli\u0107 cebul\u0119, potem doda\u0107 jab\u0142ko i po chwili marchew. Sma\u017cy\u0107 3 minuty.<br \/>\n3. Zala\u0107 bulionem i gotowa\u0107, a\u017c marchew stanie si\u0119 mi\u0119kka, lekko ostudzi\u0107 zup\u0119 i zmiksowa\u0107.<br \/>\n4. Do zupy doda\u0107 jogurt, doprawi\u0107 pieprzem, sol\u0105 i sosem tabasco. Zagrza\u0107, ale ju\u017c nie gotowa\u0107.<br \/>\n5. Podaj\u0105c posypa\u0107 zup\u0119 siekana zielona pietruszk\u0105. <\/p>\n","protected":false},"excerpt":{"rendered":"<p>80 dag-1 kg marchwi, du\u017ca cebula, kwaskowe jab\u0142ko, \u0142y\u017ceczka soku cytrynowego, 2 \u0142y\u017cki mas\u0142a, 4 szklanki bulionu ciel\u0119cego z kostki, niepe\u0142na szklanka jogurtu naturalnego, 2 \u0142y\u017cki posiekanej zielonej pietruszki, s\u00f3l, pieprz, dla amator\u00f3w 3-4 krople sosu tabasco 1. Obra\u0107 marchew, cebule i jab\u0142ko, pokroi\u0107 w plasterki, skropi\u0107 cytrynowym sokiem. 2. Na stopionym w garnku ma\u015ble [&hellip;]<\/p>\n","protected":false},"author":2,"featured_media":0,"comment_status":"open","ping_status":"open","sticky":false,"template":"","format":"standard","meta":{"footnotes":""},"categories":[1],"tags":[],"_links":{"self":[{"href":"https:\/\/blog.polityka.pl\/adamczewski\/wp-json\/wp\/v2\/posts\/10807"}],"collection":[{"href":"https:\/\/blog.polityka.pl\/adamczewski\/wp-json\/wp\/v2\/posts"}],"about":[{"href":"https:\/\/blog.polityka.pl\/adamczewski\/wp-json\/wp\/v2\/types\/post"}],"author":[{"embeddable":true,"href":"https:\/\/blog.polityka.pl\/adamczewski\/wp-json\/wp\/v2\/users\/2"}],"replies":[{"embeddable":true,"href":"https:\/\/blog.polityka.pl\/adamczewski\/wp-json\/wp\/v2\/comments?post=10807"}],"version-history":[{"count":0,"href":"https:\/\/blog.polityka.pl\/adamczewski\/wp-json\/wp\/v2\/posts\/10807\/revisions"}],"wp:attachment":[{"href":"https:\/\/blog.polityka.pl\/adamczewski\/wp-json\/wp\/v2\/media?parent=10807"}],"wp:term":[{"taxonomy":"category","embeddable":true,"href":"https:\/\/blog.polityka.pl\/adamczewski\/wp-json\/wp\/v2\/categories?post=10807"},{"taxonomy":"post_tag","embeddable":true,"href":"https:\/\/blog.polityka.pl\/adamczewski\/wp-json\/wp\/v2\/tags?post=10807"}],"curies":[{"name":"wp","href":"https:\/\/api.w.org\/{rel}","templated":true}]}}