
{"id":10808,"date":"2011-03-25T07:00:28","date_gmt":"2011-03-25T06:00:28","guid":{"rendered":"http:\/\/adamczewscy.pl\/?p=3154"},"modified":"2011-03-25T07:00:28","modified_gmt":"2011-03-25T06:00:28","slug":"zupa-cebulowo-pomidorowa","status":"publish","type":"post","link":"https:\/\/blog.polityka.pl\/adamczewski\/2011\/03\/25\/zupa-cebulowo-pomidorowa\/","title":{"rendered":"Zupa cebulowo-pomidorowa"},"content":{"rendered":"<p><em>5 sporych cebul, 5 pomidor\u00f3w, p\u00f3\u0142 \u0142y\u017cki koncentratu pomidorowego, szklanka bulionu warzywnego, 3 \u0142y\u017cki oliwy, \u0142y\u017cka m\u0105ki, pieprz, s\u00f3l<br \/>\nJako dodatek: 2 czerstwe kajzerki, 2 \u0142y\u017cki mas\u0142a<br \/>\n<\/em><br \/>\n1. Cebule pokroi\u0107 w talarki, pomidory sparzy\u0107 i obra\u0107 ze sk\u00f3rki oraz pokroi\u0107 w kostk\u0119.<br \/>\n2. Na oliwie zeszkli\u0107 cebul\u0119, doda\u0107 pomidory i sma\u017cy\u0107 5 minut, doda\u0107 m\u0105k\u0119, chwil\u0119 zasma\u017ca\u0107 po czym doda\u0107 szklank\u0119 wody oraz wymieszany w koncentratem gor\u0105cy bulion. Gotowa\u0107 razem 15 minut.<br \/>\n3. Lekko ostudzon\u0105 zup\u0119 zmiksowa\u0107, doprawi\u0107 sol\u0105 i pieprzem.<br \/>\n4. Kajzerki pokroi\u0107 w kostk\u0119, na suchej patelni podsma\u017cy\u0107, kiedy zaczn\u0105 sie rumieni\u0107 doda\u0107 mas\u0142o i wymiesza\u0107. Podawa\u0107 grzanki jako dodatek do zupy. <\/p>\n","protected":false},"excerpt":{"rendered":"<p>5 sporych cebul, 5 pomidor\u00f3w, p\u00f3\u0142 \u0142y\u017cki koncentratu pomidorowego, szklanka bulionu warzywnego, 3 \u0142y\u017cki oliwy, \u0142y\u017cka m\u0105ki, pieprz, s\u00f3l Jako dodatek: 2 czerstwe kajzerki, 2 \u0142y\u017cki mas\u0142a 1. Cebule pokroi\u0107 w talarki, pomidory sparzy\u0107 i obra\u0107 ze sk\u00f3rki oraz pokroi\u0107 w kostk\u0119. 2. Na oliwie zeszkli\u0107 cebul\u0119, doda\u0107 pomidory i sma\u017cy\u0107 5 minut, doda\u0107 m\u0105k\u0119, [&hellip;]<\/p>\n","protected":false},"author":2,"featured_media":0,"comment_status":"open","ping_status":"open","sticky":false,"template":"","format":"standard","meta":{"footnotes":""},"categories":[1],"tags":[],"_links":{"self":[{"href":"https:\/\/blog.polityka.pl\/adamczewski\/wp-json\/wp\/v2\/posts\/10808"}],"collection":[{"href":"https:\/\/blog.polityka.pl\/adamczewski\/wp-json\/wp\/v2\/posts"}],"about":[{"href":"https:\/\/blog.polityka.pl\/adamczewski\/wp-json\/wp\/v2\/types\/post"}],"author":[{"embeddable":true,"href":"https:\/\/blog.polityka.pl\/adamczewski\/wp-json\/wp\/v2\/users\/2"}],"replies":[{"embeddable":true,"href":"https:\/\/blog.polityka.pl\/adamczewski\/wp-json\/wp\/v2\/comments?post=10808"}],"version-history":[{"count":0,"href":"https:\/\/blog.polityka.pl\/adamczewski\/wp-json\/wp\/v2\/posts\/10808\/revisions"}],"wp:attachment":[{"href":"https:\/\/blog.polityka.pl\/adamczewski\/wp-json\/wp\/v2\/media?parent=10808"}],"wp:term":[{"taxonomy":"category","embeddable":true,"href":"https:\/\/blog.polityka.pl\/adamczewski\/wp-json\/wp\/v2\/categories?post=10808"},{"taxonomy":"post_tag","embeddable":true,"href":"https:\/\/blog.polityka.pl\/adamczewski\/wp-json\/wp\/v2\/tags?post=10808"}],"curies":[{"name":"wp","href":"https:\/\/api.w.org\/{rel}","templated":true}]}}