
{"id":10809,"date":"2011-04-01T06:30:06","date_gmt":"2011-04-01T05:30:06","guid":{"rendered":"http:\/\/adamczewscy.pl\/?p=3156"},"modified":"2011-04-01T06:30:06","modified_gmt":"2011-04-01T05:30:06","slug":"zeberka-w-pomaranczach","status":"publish","type":"post","link":"https:\/\/blog.polityka.pl\/adamczewski\/2011\/04\/01\/zeberka-w-pomaranczach\/","title":{"rendered":"\u017beberka w pomara\u0144czach"},"content":{"rendered":"<p><em>1, 5 kg mi\u0119sistych, niet\u0142ustych \u017ceberek wieprzowych, 3 \u0142y\u017cki sosu sojowego, 3 \u0142y\u017cki oleju, 3 \u0142y\u017cki d\u017cemu pomara\u0144czowego, 3\/4 szklanki soku pomara\u0144czowego (mo\u017ce by\u0107 z kartonika), s\u00f3l, pieprz<br \/>\nDo dekoracji: kilka plasterk\u00f3w pomara\u0144czy<\/em><\/p>\n<p>1. \u017beberka umy\u0107, osuszy\u0107, podzieli\u0107 na porcje (ka\u017cda z dwoma \u017ceberkami), lekko opr\u00f3szy\u0107 sol\u0105 i pieprzem. U\u0142o\u017cy\u0107 mi\u0119so w brytfannie.<br \/>\n2. Wymiesza\u0107 z niedu\u017cym garnku sos sojowy, d\u017cem pomara\u0144czowy i sok oraz olej. Zagotowa\u0107.<br \/>\n3. Posmarowa\u0107 mi\u0119so (najlepiej przy pomocy kuchennego p\u0119dzelka) przygotowan\u0105 marynat\u0105 pomara\u0144czow\u0105.<br \/>\n4. Nagrza\u0107 piekarnik do 200\u00b0C i piec \u017ceberka oko\u0142o godziny, od czasu do czasu smarowa\u0107 pozosta\u0142\u0105 marynat\u0105. <\/p>\n","protected":false},"excerpt":{"rendered":"<p>1, 5 kg mi\u0119sistych, niet\u0142ustych \u017ceberek wieprzowych, 3 \u0142y\u017cki sosu sojowego, 3 \u0142y\u017cki oleju, 3 \u0142y\u017cki d\u017cemu pomara\u0144czowego, 3\/4 szklanki soku pomara\u0144czowego (mo\u017ce by\u0107 z kartonika), s\u00f3l, pieprz Do dekoracji: kilka plasterk\u00f3w pomara\u0144czy 1. \u017beberka umy\u0107, osuszy\u0107, podzieli\u0107 na porcje (ka\u017cda z dwoma \u017ceberkami), lekko opr\u00f3szy\u0107 sol\u0105 i pieprzem. U\u0142o\u017cy\u0107 mi\u0119so w brytfannie. 2. Wymiesza\u0107 [&hellip;]<\/p>\n","protected":false},"author":2,"featured_media":0,"comment_status":"open","ping_status":"open","sticky":false,"template":"","format":"standard","meta":{"footnotes":""},"categories":[1],"tags":[],"_links":{"self":[{"href":"https:\/\/blog.polityka.pl\/adamczewski\/wp-json\/wp\/v2\/posts\/10809"}],"collection":[{"href":"https:\/\/blog.polityka.pl\/adamczewski\/wp-json\/wp\/v2\/posts"}],"about":[{"href":"https:\/\/blog.polityka.pl\/adamczewski\/wp-json\/wp\/v2\/types\/post"}],"author":[{"embeddable":true,"href":"https:\/\/blog.polityka.pl\/adamczewski\/wp-json\/wp\/v2\/users\/2"}],"replies":[{"embeddable":true,"href":"https:\/\/blog.polityka.pl\/adamczewski\/wp-json\/wp\/v2\/comments?post=10809"}],"version-history":[{"count":0,"href":"https:\/\/blog.polityka.pl\/adamczewski\/wp-json\/wp\/v2\/posts\/10809\/revisions"}],"wp:attachment":[{"href":"https:\/\/blog.polityka.pl\/adamczewski\/wp-json\/wp\/v2\/media?parent=10809"}],"wp:term":[{"taxonomy":"category","embeddable":true,"href":"https:\/\/blog.polityka.pl\/adamczewski\/wp-json\/wp\/v2\/categories?post=10809"},{"taxonomy":"post_tag","embeddable":true,"href":"https:\/\/blog.polityka.pl\/adamczewski\/wp-json\/wp\/v2\/tags?post=10809"}],"curies":[{"name":"wp","href":"https:\/\/api.w.org\/{rel}","templated":true}]}}