
{"id":10810,"date":"2011-04-01T06:30:50","date_gmt":"2011-04-01T05:30:50","guid":{"rendered":"http:\/\/adamczewscy.pl\/?p=3157"},"modified":"2011-04-01T06:30:50","modified_gmt":"2011-04-01T05:30:50","slug":"zupa-szczawiowa-z-grzankami","status":"publish","type":"post","link":"https:\/\/blog.polityka.pl\/adamczewski\/2011\/04\/01\/zupa-szczawiowa-z-grzankami\/","title":{"rendered":"Zupa szczawiowa z grzankami"},"content":{"rendered":"<p><em>S\u0142oiczek konserwowego szczawiu, 6 szklanek roso\u0142u warzywnego z kostki, 3 \u0142y\u017cki mas\u0142a, 3 \u0142y\u017cki m\u0105ki, p\u00f3\u0142 szklanki \u015bmietany 18-proc., 2-4 jaja, 2 \u0142y\u017cki posiekanej zielonej pietruszki, szklanka pokrojonej w kostk\u0119 bu\u0142ki, 2 \u0142y\u017cki mas\u0142a<\/em><\/p>\n<p>1. W garnku rozpu\u015bci\u0107 mas\u0142o, doda\u0107 m\u0105k\u0119 a kiedy zasma\u017cka spieni si\u0119 i zbieleje doda\u0107 ros\u00f3\u0142 warzywny, chwil\u0119 gotowa\u0107 mieszaj\u0105c, doda\u0107 szczaw, \u015bmietan\u0119 i doprawi\u0107 sol\u0105 i pieprzem.<br \/>\n2. Ugotowa\u0107 jaja na twardo.<br \/>\n3. Bu\u0142k\u0119 zrumieni\u0107 na suchej patelni, doda\u0107 mas\u0142o, wymiesza\u0107.<br \/>\n4. Zup\u0119 podawa\u0107 posypan\u0105 siekan\u0105 zielon\u0105 pietruszk\u0105 z dodatkiem posiekanych jaj i grzanek. <\/p>\n","protected":false},"excerpt":{"rendered":"<p>S\u0142oiczek konserwowego szczawiu, 6 szklanek roso\u0142u warzywnego z kostki, 3 \u0142y\u017cki mas\u0142a, 3 \u0142y\u017cki m\u0105ki, p\u00f3\u0142 szklanki \u015bmietany 18-proc., 2-4 jaja, 2 \u0142y\u017cki posiekanej zielonej pietruszki, szklanka pokrojonej w kostk\u0119 bu\u0142ki, 2 \u0142y\u017cki mas\u0142a 1. W garnku rozpu\u015bci\u0107 mas\u0142o, doda\u0107 m\u0105k\u0119 a kiedy zasma\u017cka spieni si\u0119 i zbieleje doda\u0107 ros\u00f3\u0142 warzywny, chwil\u0119 gotowa\u0107 mieszaj\u0105c, doda\u0107 [&hellip;]<\/p>\n","protected":false},"author":2,"featured_media":0,"comment_status":"open","ping_status":"open","sticky":false,"template":"","format":"standard","meta":{"footnotes":""},"categories":[1],"tags":[],"_links":{"self":[{"href":"https:\/\/blog.polityka.pl\/adamczewski\/wp-json\/wp\/v2\/posts\/10810"}],"collection":[{"href":"https:\/\/blog.polityka.pl\/adamczewski\/wp-json\/wp\/v2\/posts"}],"about":[{"href":"https:\/\/blog.polityka.pl\/adamczewski\/wp-json\/wp\/v2\/types\/post"}],"author":[{"embeddable":true,"href":"https:\/\/blog.polityka.pl\/adamczewski\/wp-json\/wp\/v2\/users\/2"}],"replies":[{"embeddable":true,"href":"https:\/\/blog.polityka.pl\/adamczewski\/wp-json\/wp\/v2\/comments?post=10810"}],"version-history":[{"count":0,"href":"https:\/\/blog.polityka.pl\/adamczewski\/wp-json\/wp\/v2\/posts\/10810\/revisions"}],"wp:attachment":[{"href":"https:\/\/blog.polityka.pl\/adamczewski\/wp-json\/wp\/v2\/media?parent=10810"}],"wp:term":[{"taxonomy":"category","embeddable":true,"href":"https:\/\/blog.polityka.pl\/adamczewski\/wp-json\/wp\/v2\/categories?post=10810"},{"taxonomy":"post_tag","embeddable":true,"href":"https:\/\/blog.polityka.pl\/adamczewski\/wp-json\/wp\/v2\/tags?post=10810"}],"curies":[{"name":"wp","href":"https:\/\/api.w.org\/{rel}","templated":true}]}}