
{"id":10811,"date":"2011-04-01T06:31:35","date_gmt":"2011-04-01T05:31:35","guid":{"rendered":"http:\/\/adamczewscy.pl\/?p=3158"},"modified":"2011-04-01T06:31:35","modified_gmt":"2011-04-01T05:31:35","slug":"udka-na-warzywach","status":"publish","type":"post","link":"https:\/\/blog.polityka.pl\/adamczewski\/2011\/04\/01\/udka-na-warzywach\/","title":{"rendered":"Udka na warzywach"},"content":{"rendered":"<p><em>4 udka kurcz\u0119ce, 2 str\u0105ki papryki (najlepiej czerwonej), 2 du\u017ce mi\u0119siste pomidory, 2 z\u0105bki czosnku, cebula, szczypta ostrej papryki, 3 \u0142y\u017cki mas\u0142a, 3 \u0142y\u017cki oleju, s\u00f3l, pieprz, po odrobinie \u015bwie\u017cego tymianku i rozmarynu<br \/>\n<\/em><br \/>\n1. Udka umy\u0107, osuszy\u0107, posypa\u0107 sol\u0105, pieprzem i ostr\u0105 papryk\u0105. Od\u0142o\u017cy\u0107 na p\u00f3\u0142 godziny.<br \/>\n2. Papryk\u0119 umy\u0107, usun\u0105\u0107 gniazda nasienne, pokroi\u0107 w kostk\u0119, pomidory sparzy\u0107, obra\u0107 ze sk\u00f3rki, pokroi\u0107 na cz\u0105stki.<br \/>\n3. Na ma\u015ble na patelni zeszkli\u0107 przeci\u015bni\u0119ty przez prask\u0119 czosnek i posiekana cebul\u0119, doda\u0107 papryk\u0119 i chwil\u0119 dusi\u0107, doda\u0107 pomidory, doprawi\u0107 sol\u0105, pieprzem oraz tymiankiem i rozmarynem.<br \/>\n4. Podsma\u017cy\u0107 na oleju udka.<br \/>\n5. W \u017caroodpornym naczyniu u\u0142o\u017cy\u0107 podduszone warzywa, na nich usma\u017cone udka i zapieka\u0107 mniej wi\u0119cej godzin\u0119 w piekarniku nagrzanym do 200\u00b0C. <\/p>\n","protected":false},"excerpt":{"rendered":"<p>4 udka kurcz\u0119ce, 2 str\u0105ki papryki (najlepiej czerwonej), 2 du\u017ce mi\u0119siste pomidory, 2 z\u0105bki czosnku, cebula, szczypta ostrej papryki, 3 \u0142y\u017cki mas\u0142a, 3 \u0142y\u017cki oleju, s\u00f3l, pieprz, po odrobinie \u015bwie\u017cego tymianku i rozmarynu 1. Udka umy\u0107, osuszy\u0107, posypa\u0107 sol\u0105, pieprzem i ostr\u0105 papryk\u0105. Od\u0142o\u017cy\u0107 na p\u00f3\u0142 godziny. 2. Papryk\u0119 umy\u0107, usun\u0105\u0107 gniazda nasienne, pokroi\u0107 w [&hellip;]<\/p>\n","protected":false},"author":2,"featured_media":0,"comment_status":"open","ping_status":"open","sticky":false,"template":"","format":"standard","meta":{"footnotes":""},"categories":[1],"tags":[],"_links":{"self":[{"href":"https:\/\/blog.polityka.pl\/adamczewski\/wp-json\/wp\/v2\/posts\/10811"}],"collection":[{"href":"https:\/\/blog.polityka.pl\/adamczewski\/wp-json\/wp\/v2\/posts"}],"about":[{"href":"https:\/\/blog.polityka.pl\/adamczewski\/wp-json\/wp\/v2\/types\/post"}],"author":[{"embeddable":true,"href":"https:\/\/blog.polityka.pl\/adamczewski\/wp-json\/wp\/v2\/users\/2"}],"replies":[{"embeddable":true,"href":"https:\/\/blog.polityka.pl\/adamczewski\/wp-json\/wp\/v2\/comments?post=10811"}],"version-history":[{"count":0,"href":"https:\/\/blog.polityka.pl\/adamczewski\/wp-json\/wp\/v2\/posts\/10811\/revisions"}],"wp:attachment":[{"href":"https:\/\/blog.polityka.pl\/adamczewski\/wp-json\/wp\/v2\/media?parent=10811"}],"wp:term":[{"taxonomy":"category","embeddable":true,"href":"https:\/\/blog.polityka.pl\/adamczewski\/wp-json\/wp\/v2\/categories?post=10811"},{"taxonomy":"post_tag","embeddable":true,"href":"https:\/\/blog.polityka.pl\/adamczewski\/wp-json\/wp\/v2\/tags?post=10811"}],"curies":[{"name":"wp","href":"https:\/\/api.w.org\/{rel}","templated":true}]}}