
{"id":10812,"date":"2011-04-01T06:32:18","date_gmt":"2011-04-01T05:32:18","guid":{"rendered":"http:\/\/adamczewscy.pl\/?p=3159"},"modified":"2011-04-01T06:32:18","modified_gmt":"2011-04-01T05:32:18","slug":"rolady-z-kurczaka-z-ogorkiem","status":"publish","type":"post","link":"https:\/\/blog.polityka.pl\/adamczewski\/2011\/04\/01\/rolady-z-kurczaka-z-ogorkiem\/","title":{"rendered":"Rolady z kurczaka z og\u00f3rkiem"},"content":{"rendered":"<p><em>2 podw\u00f3jne filety z piersi kurczaka, 3 twarde kiszone og\u00f3rki, 8 plasterk\u00f3w \u017c\u00f3\u0142tego sera, 2 \u0142y\u017cki musztardy, 3 \u0142y\u017cki bia\u0142ego wina, szklanka \u015bmietanki 12-proc., s\u00f3l, pieprz, szczypta ostrej papryki, po \u0142y\u017cce mas\u0142a i oleju<br \/>\n<\/em><br \/>\n1. Og\u00f3rki obra\u0107, pokroi\u0107 w pod\u0142u\u017cne paseczki.<br \/>\n2. Filety podzieli\u0107 na 8 cz\u0119\u015bci, lekko rozbi\u0107.<br \/>\n3. Ka\u017cdy p\u0142at mi\u0119sa posypa\u0107 lekko sol\u0105, pieprzem i ostr\u0105 papryk\u0105, u\u0142o\u017cy\u0107 plasterek sera i po kilka s\u0142upk\u00f3w og\u00f3rka, zwin\u0105\u0107, owi\u0105za\u0107 bawe\u0142nian\u0105 bia\u0142\u0105 nitk\u0105.<br \/>\n4. Na patelni rozgrza\u0107 olej, obsma\u017cy\u0107 na nim roladki, po czym wyj\u0105c je i od\u0142o\u017cy\u0107.<br \/>\n5. Do pozosta\u0142ego na patelni t\u0142uszczu doda\u0107 mas\u0142o, \u015bmietan\u0119, musztard\u0119 i wino. Gotowa\u0107 chwil\u0119 na ma\u0142ym ogniu, w\u0142o\u017cy\u0107 roladki i dusi\u0107 razem, a\u017c sos zg\u0119stnieje. <\/p>\n","protected":false},"excerpt":{"rendered":"<p>2 podw\u00f3jne filety z piersi kurczaka, 3 twarde kiszone og\u00f3rki, 8 plasterk\u00f3w \u017c\u00f3\u0142tego sera, 2 \u0142y\u017cki musztardy, 3 \u0142y\u017cki bia\u0142ego wina, szklanka \u015bmietanki 12-proc., s\u00f3l, pieprz, szczypta ostrej papryki, po \u0142y\u017cce mas\u0142a i oleju 1. Og\u00f3rki obra\u0107, pokroi\u0107 w pod\u0142u\u017cne paseczki. 2. Filety podzieli\u0107 na 8 cz\u0119\u015bci, lekko rozbi\u0107. 3. Ka\u017cdy p\u0142at mi\u0119sa posypa\u0107 lekko [&hellip;]<\/p>\n","protected":false},"author":2,"featured_media":0,"comment_status":"open","ping_status":"open","sticky":false,"template":"","format":"standard","meta":{"footnotes":""},"categories":[1],"tags":[],"_links":{"self":[{"href":"https:\/\/blog.polityka.pl\/adamczewski\/wp-json\/wp\/v2\/posts\/10812"}],"collection":[{"href":"https:\/\/blog.polityka.pl\/adamczewski\/wp-json\/wp\/v2\/posts"}],"about":[{"href":"https:\/\/blog.polityka.pl\/adamczewski\/wp-json\/wp\/v2\/types\/post"}],"author":[{"embeddable":true,"href":"https:\/\/blog.polityka.pl\/adamczewski\/wp-json\/wp\/v2\/users\/2"}],"replies":[{"embeddable":true,"href":"https:\/\/blog.polityka.pl\/adamczewski\/wp-json\/wp\/v2\/comments?post=10812"}],"version-history":[{"count":0,"href":"https:\/\/blog.polityka.pl\/adamczewski\/wp-json\/wp\/v2\/posts\/10812\/revisions"}],"wp:attachment":[{"href":"https:\/\/blog.polityka.pl\/adamczewski\/wp-json\/wp\/v2\/media?parent=10812"}],"wp:term":[{"taxonomy":"category","embeddable":true,"href":"https:\/\/blog.polityka.pl\/adamczewski\/wp-json\/wp\/v2\/categories?post=10812"},{"taxonomy":"post_tag","embeddable":true,"href":"https:\/\/blog.polityka.pl\/adamczewski\/wp-json\/wp\/v2\/tags?post=10812"}],"curies":[{"name":"wp","href":"https:\/\/api.w.org\/{rel}","templated":true}]}}