
{"id":10813,"date":"2011-04-01T06:42:32","date_gmt":"2011-04-01T05:42:32","guid":{"rendered":"http:\/\/adamczewscy.pl\/?p=3160"},"modified":"2011-04-01T06:42:32","modified_gmt":"2011-04-01T05:42:32","slug":"krokiety-rybne","status":"publish","type":"post","link":"https:\/\/blog.polityka.pl\/adamczewski\/2011\/04\/01\/krokiety-rybne\/","title":{"rendered":"Krokiety rybne"},"content":{"rendered":"<p><em>30 dag filet\u00f3w z bia\u0142ej ryby morskiej, ok. p\u00f3\u0142 kg ziemniak\u00f3w, cebula, 3 \u0142y\u017cki siekanej zielonej pietruszki, p\u00f3\u0142 kieliszka wytrawnego bia\u0142ego wina, \u0142y\u017cka przyprawy maggi w p\u0142ynie, 2 jaja, 2 \u0142y\u017cki oliwy, s\u00f3l, pieprz<br \/>\nDo sma\u017cenia: 4 -6 \u0142y\u017cek oleju<\/em><\/p>\n<p>1. Ziemniaki umy\u0107, ugotowa\u0107 w mundurkach. Ostudzi\u0107, obra\u0107.<br \/>\n2. Ryb\u0119 op\u0142uka\u0107, osuszy\u0107 i usma\u017cy\u0107 na \u0142y\u017cce oliwy.<br \/>\n3. Cebul\u0119 obra\u0107, podsma\u017cy\u0107 na drugiej \u0142y\u017cce oleju na rumiano.<br \/>\n4. Zmieli\u0107 ziemniaki, ryb\u0119 i cebul\u0119, doda\u0107 jajka, przypraw\u0119,  s\u00f3l, pieprz oraz siekan\u0105 zielon\u0105 pietruszk\u0119, wymiesza\u0107.<br \/>\n5.  Z masy formowa\u0107 przy pomocy \u0142y\u017cki owalne kotlety, panierowa\u0107 je w m\u0105ce i sma\u017cy\u0107 na pozosta\u0142ym oleju. <\/p>\n","protected":false},"excerpt":{"rendered":"<p>30 dag filet\u00f3w z bia\u0142ej ryby morskiej, ok. p\u00f3\u0142 kg ziemniak\u00f3w, cebula, 3 \u0142y\u017cki siekanej zielonej pietruszki, p\u00f3\u0142 kieliszka wytrawnego bia\u0142ego wina, \u0142y\u017cka przyprawy maggi w p\u0142ynie, 2 jaja, 2 \u0142y\u017cki oliwy, s\u00f3l, pieprz Do sma\u017cenia: 4 -6 \u0142y\u017cek oleju 1. Ziemniaki umy\u0107, ugotowa\u0107 w mundurkach. Ostudzi\u0107, obra\u0107. 2. Ryb\u0119 op\u0142uka\u0107, osuszy\u0107 i usma\u017cy\u0107 na [&hellip;]<\/p>\n","protected":false},"author":2,"featured_media":0,"comment_status":"open","ping_status":"open","sticky":false,"template":"","format":"standard","meta":{"footnotes":""},"categories":[1],"tags":[],"_links":{"self":[{"href":"https:\/\/blog.polityka.pl\/adamczewski\/wp-json\/wp\/v2\/posts\/10813"}],"collection":[{"href":"https:\/\/blog.polityka.pl\/adamczewski\/wp-json\/wp\/v2\/posts"}],"about":[{"href":"https:\/\/blog.polityka.pl\/adamczewski\/wp-json\/wp\/v2\/types\/post"}],"author":[{"embeddable":true,"href":"https:\/\/blog.polityka.pl\/adamczewski\/wp-json\/wp\/v2\/users\/2"}],"replies":[{"embeddable":true,"href":"https:\/\/blog.polityka.pl\/adamczewski\/wp-json\/wp\/v2\/comments?post=10813"}],"version-history":[{"count":0,"href":"https:\/\/blog.polityka.pl\/adamczewski\/wp-json\/wp\/v2\/posts\/10813\/revisions"}],"wp:attachment":[{"href":"https:\/\/blog.polityka.pl\/adamczewski\/wp-json\/wp\/v2\/media?parent=10813"}],"wp:term":[{"taxonomy":"category","embeddable":true,"href":"https:\/\/blog.polityka.pl\/adamczewski\/wp-json\/wp\/v2\/categories?post=10813"},{"taxonomy":"post_tag","embeddable":true,"href":"https:\/\/blog.polityka.pl\/adamczewski\/wp-json\/wp\/v2\/tags?post=10813"}],"curies":[{"name":"wp","href":"https:\/\/api.w.org\/{rel}","templated":true}]}}