
{"id":10814,"date":"2011-04-01T06:43:22","date_gmt":"2011-04-01T05:43:22","guid":{"rendered":"http:\/\/adamczewscy.pl\/?p=3161"},"modified":"2011-04-01T06:43:22","modified_gmt":"2011-04-01T05:43:22","slug":"ciasto-z-wisniami","status":"publish","type":"post","link":"https:\/\/blog.polityka.pl\/adamczewski\/2011\/04\/01\/ciasto-z-wisniami\/","title":{"rendered":"Ciasto z wi\u015bniami"},"content":{"rendered":"<p><em>4 jaja, p\u00f3\u0142 szklanki cukru, 2\/3 szklanki m\u0105ki, p\u00f3\u0142 torebki cukru z prawdziw\u0105 wanili\u0105, szklanka mleka, szczypta soli<br \/>\nOpakowanie wi\u015bni mro\u017conych lub p\u00f3\u0142 kg \u015bwie\u017cych wi\u015bni bez pestek<br \/>\nDo posypania ciasta: 3 \u0142y\u017cki cukru pudru<br \/>\nDo wysmarowania formy: \u0142y\u017cka mas\u0142a<br \/>\n<\/em><br \/>\n1. Wi\u015bnie mro\u017cone rozmra\u017ca\u0107 przez 20 minut na durszlaku, aby odciek\u0142 sok.<br \/>\n2. Zmiksowa\u0107 ca\u0142e jaja z cukrem waniliowym i zwyk\u0142ym. Doda\u0107 m\u0105k\u0119 i szczypt\u0119 soli. Miksowa\u0107 nadal dodaj\u0105c po trochu mleko. Ciasto powinno mie\u0107 do\u015b\u0107 rzadk\u0105 konsystencj\u0119.<br \/>\n3. W posmarowanej mas\u0142em formie u\u0142o\u017cy\u0107 na dnie wi\u015bnie, zala\u0107 je ciastem.<br \/>\n4. Wstawi\u0107 do nagrzanego do 200\u00b0C piekarnika i piec 10 minut, po czym zmniejszy\u0107 temperatur\u0119 i piec jeszcze 20 minut w temperaturze 180 \u00b0C.<br \/>\n5. Posypa\u0107 ciasto cukrem pudrem. <\/p>\n","protected":false},"excerpt":{"rendered":"<p>4 jaja, p\u00f3\u0142 szklanki cukru, 2\/3 szklanki m\u0105ki, p\u00f3\u0142 torebki cukru z prawdziw\u0105 wanili\u0105, szklanka mleka, szczypta soli Opakowanie wi\u015bni mro\u017conych lub p\u00f3\u0142 kg \u015bwie\u017cych wi\u015bni bez pestek Do posypania ciasta: 3 \u0142y\u017cki cukru pudru Do wysmarowania formy: \u0142y\u017cka mas\u0142a 1. Wi\u015bnie mro\u017cone rozmra\u017ca\u0107 przez 20 minut na durszlaku, aby odciek\u0142 sok. 2. Zmiksowa\u0107 ca\u0142e [&hellip;]<\/p>\n","protected":false},"author":2,"featured_media":0,"comment_status":"open","ping_status":"open","sticky":false,"template":"","format":"standard","meta":{"footnotes":""},"categories":[1],"tags":[],"_links":{"self":[{"href":"https:\/\/blog.polityka.pl\/adamczewski\/wp-json\/wp\/v2\/posts\/10814"}],"collection":[{"href":"https:\/\/blog.polityka.pl\/adamczewski\/wp-json\/wp\/v2\/posts"}],"about":[{"href":"https:\/\/blog.polityka.pl\/adamczewski\/wp-json\/wp\/v2\/types\/post"}],"author":[{"embeddable":true,"href":"https:\/\/blog.polityka.pl\/adamczewski\/wp-json\/wp\/v2\/users\/2"}],"replies":[{"embeddable":true,"href":"https:\/\/blog.polityka.pl\/adamczewski\/wp-json\/wp\/v2\/comments?post=10814"}],"version-history":[{"count":0,"href":"https:\/\/blog.polityka.pl\/adamczewski\/wp-json\/wp\/v2\/posts\/10814\/revisions"}],"wp:attachment":[{"href":"https:\/\/blog.polityka.pl\/adamczewski\/wp-json\/wp\/v2\/media?parent=10814"}],"wp:term":[{"taxonomy":"category","embeddable":true,"href":"https:\/\/blog.polityka.pl\/adamczewski\/wp-json\/wp\/v2\/categories?post=10814"},{"taxonomy":"post_tag","embeddable":true,"href":"https:\/\/blog.polityka.pl\/adamczewski\/wp-json\/wp\/v2\/tags?post=10814"}],"curies":[{"name":"wp","href":"https:\/\/api.w.org\/{rel}","templated":true}]}}