
{"id":10815,"date":"2011-04-08T07:21:18","date_gmt":"2011-04-08T06:21:18","guid":{"rendered":"http:\/\/adamczewscy.pl\/?p=3163"},"modified":"2011-04-08T07:21:18","modified_gmt":"2011-04-08T06:21:18","slug":"zupa-chrzanowa-na-wedzonce","status":"publish","type":"post","link":"https:\/\/blog.polityka.pl\/adamczewski\/2011\/04\/08\/zupa-chrzanowa-na-wedzonce\/","title":{"rendered":"Zupa chrzanowa na w\u0119dzonce"},"content":{"rendered":"<p><em>Kawa\u0142ek w\u0119dzonych \u017ceberek lub innej w\u0119dzonki, ma\u0142y kawa\u0142ek bia\u0142ej kie\u0142basy, 4 szklanki wywaru z w\u0142oszczyzny lub roso\u0142u warzywnego z kostki, korze\u0144 chrzanu, szklanka serwatki, 4 jaja na twardo, 3 ziarna ziela angielskiego , li\u015b\u0107 laurowy, majeranek, 5 ziaren czarnego pieprzu, s\u00f3l<br \/>\n<\/em><br \/>\n1. Do gor\u0105cego warzywnego wywaru lub roso\u0142u w\u0142o\u017cy\u0107 pokrojone na porcje \u017ceberka lub w\u0119dzonk\u0119, bia\u0142\u0105 kie\u0142bas\u0119 w ca\u0142o\u015bci ziele angielskie i pieprz oraz li\u015b\u0107 laurowy. Gotowa\u0107 30 minut.<br \/>\n2. Wyj\u0105\u0107 z garnka mi\u0119so, doda\u0107 serwatk\u0119 i zagotowa\u0107.<br \/>\n3. Zetrze\u0107 chrzan, doda\u0107 do zupy (mo\u017cna tak\u017ce u\u017cy\u0107 gotowy, tarty chrzan ze s\u0142oiczka), doda\u0107 pieprz i s\u00f3l, roztarte 2 \u017c\u00f3\u0142tka z jaj na twardo, doda\u0107 majeranek, wyj\u0119te uprzednio z zupy kawa\u0142ki w\u0119dzonki oraz pokrojon\u0105 bia\u0142\u0105 kie\u0142bas\u0119.<br \/>\n4. Podawa\u0107 zup\u0119 z pokrojonymi pozosta\u0142ymi jajkami na twardo. <\/p>\n","protected":false},"excerpt":{"rendered":"<p>Kawa\u0142ek w\u0119dzonych \u017ceberek lub innej w\u0119dzonki, ma\u0142y kawa\u0142ek bia\u0142ej kie\u0142basy, 4 szklanki wywaru z w\u0142oszczyzny lub roso\u0142u warzywnego z kostki, korze\u0144 chrzanu, szklanka serwatki, 4 jaja na twardo, 3 ziarna ziela angielskiego , li\u015b\u0107 laurowy, majeranek, 5 ziaren czarnego pieprzu, s\u00f3l 1. Do gor\u0105cego warzywnego wywaru lub roso\u0142u w\u0142o\u017cy\u0107 pokrojone na porcje \u017ceberka lub w\u0119dzonk\u0119, [&hellip;]<\/p>\n","protected":false},"author":2,"featured_media":0,"comment_status":"open","ping_status":"open","sticky":false,"template":"","format":"standard","meta":{"footnotes":""},"categories":[1],"tags":[],"_links":{"self":[{"href":"https:\/\/blog.polityka.pl\/adamczewski\/wp-json\/wp\/v2\/posts\/10815"}],"collection":[{"href":"https:\/\/blog.polityka.pl\/adamczewski\/wp-json\/wp\/v2\/posts"}],"about":[{"href":"https:\/\/blog.polityka.pl\/adamczewski\/wp-json\/wp\/v2\/types\/post"}],"author":[{"embeddable":true,"href":"https:\/\/blog.polityka.pl\/adamczewski\/wp-json\/wp\/v2\/users\/2"}],"replies":[{"embeddable":true,"href":"https:\/\/blog.polityka.pl\/adamczewski\/wp-json\/wp\/v2\/comments?post=10815"}],"version-history":[{"count":0,"href":"https:\/\/blog.polityka.pl\/adamczewski\/wp-json\/wp\/v2\/posts\/10815\/revisions"}],"wp:attachment":[{"href":"https:\/\/blog.polityka.pl\/adamczewski\/wp-json\/wp\/v2\/media?parent=10815"}],"wp:term":[{"taxonomy":"category","embeddable":true,"href":"https:\/\/blog.polityka.pl\/adamczewski\/wp-json\/wp\/v2\/categories?post=10815"},{"taxonomy":"post_tag","embeddable":true,"href":"https:\/\/blog.polityka.pl\/adamczewski\/wp-json\/wp\/v2\/tags?post=10815"}],"curies":[{"name":"wp","href":"https:\/\/api.w.org\/{rel}","templated":true}]}}