
{"id":10816,"date":"2011-04-08T07:22:12","date_gmt":"2011-04-08T06:22:12","guid":{"rendered":"http:\/\/adamczewscy.pl\/?p=3164"},"modified":"2011-04-08T07:22:12","modified_gmt":"2011-04-08T06:22:12","slug":"zupa-wloskiej-kapusty","status":"publish","type":"post","link":"https:\/\/blog.polityka.pl\/adamczewski\/2011\/04\/08\/zupa-wloskiej-kapusty\/","title":{"rendered":"Zupa w\u0142oskiej kapusty"},"content":{"rendered":"<p><em>Po\u0142\u00f3wka lub niedu\u017ca kapusta w\u0142oska, 2 torebeczki ry\u017cu (po 100 g), 4 szklanki roso\u0142u wo\u0142owego z kostki lub wywaru z mi\u0119sa, 3 \u015brednie ziemniaki, cebula, \u0142y\u017cka mas\u0142a, \u0142y\u017cka oleju, 3 \u0142y\u017cki posiekanej zielonej pietruszki, s\u00f3l, pieprz, do smaku dowolna przyprawa warzywna<\/em><\/p>\n<p>1. W garnku rozgrza\u0107 olej i zeszkli\u0107 na nim posiekan\u0105 drobno cebul\u0119, doda\u0107 obrane i pokrojone w kostk\u0119 ziemniaki i sma\u017cy\u0107, a\u017c lekko si\u0119 zrumieni\u0105.<br \/>\n2. Oczyszczon\u0105 z uszkodzonych li\u015bci kapust\u0119 drobno poszatkowa\u0107 usn\u0105\u0107 g\u0142\u0105b, doda\u0107 do ziemniak\u00f3w z cebul\u0105 i dusi\u0107 wszystko razem jeszcze 1-2 minuty na ma\u0142ym ogniu.<br \/>\n3. Do podduszonej kapusty z ziemniakami i cebul\u0105 wla\u0107 zagrzany ros\u00f3\u0142, doda\u0107 \u0142y\u017ck\u0119 mas\u0142a i doprawi\u0107 sol\u0105, pieprzem oraz warzywn\u0105 przypraw\u0105. Gotowa\u0107 pod przykryciem oko\u0142o 30 minut.<br \/>\n4. Do zupy wsypa\u0107 ry\u017c i gotowa\u0107 wszystko razem 15 minut.<br \/>\n5. Gotow\u0105 zup\u0119 posypa\u0107 siekan\u0105 zielon\u0105 pietruszk\u0105. <\/p>\n","protected":false},"excerpt":{"rendered":"<p>Po\u0142\u00f3wka lub niedu\u017ca kapusta w\u0142oska, 2 torebeczki ry\u017cu (po 100 g), 4 szklanki roso\u0142u wo\u0142owego z kostki lub wywaru z mi\u0119sa, 3 \u015brednie ziemniaki, cebula, \u0142y\u017cka mas\u0142a, \u0142y\u017cka oleju, 3 \u0142y\u017cki posiekanej zielonej pietruszki, s\u00f3l, pieprz, do smaku dowolna przyprawa warzywna 1. W garnku rozgrza\u0107 olej i zeszkli\u0107 na nim posiekan\u0105 drobno cebul\u0119, doda\u0107 obrane [&hellip;]<\/p>\n","protected":false},"author":2,"featured_media":0,"comment_status":"open","ping_status":"open","sticky":false,"template":"","format":"standard","meta":{"footnotes":""},"categories":[1],"tags":[],"_links":{"self":[{"href":"https:\/\/blog.polityka.pl\/adamczewski\/wp-json\/wp\/v2\/posts\/10816"}],"collection":[{"href":"https:\/\/blog.polityka.pl\/adamczewski\/wp-json\/wp\/v2\/posts"}],"about":[{"href":"https:\/\/blog.polityka.pl\/adamczewski\/wp-json\/wp\/v2\/types\/post"}],"author":[{"embeddable":true,"href":"https:\/\/blog.polityka.pl\/adamczewski\/wp-json\/wp\/v2\/users\/2"}],"replies":[{"embeddable":true,"href":"https:\/\/blog.polityka.pl\/adamczewski\/wp-json\/wp\/v2\/comments?post=10816"}],"version-history":[{"count":0,"href":"https:\/\/blog.polityka.pl\/adamczewski\/wp-json\/wp\/v2\/posts\/10816\/revisions"}],"wp:attachment":[{"href":"https:\/\/blog.polityka.pl\/adamczewski\/wp-json\/wp\/v2\/media?parent=10816"}],"wp:term":[{"taxonomy":"category","embeddable":true,"href":"https:\/\/blog.polityka.pl\/adamczewski\/wp-json\/wp\/v2\/categories?post=10816"},{"taxonomy":"post_tag","embeddable":true,"href":"https:\/\/blog.polityka.pl\/adamczewski\/wp-json\/wp\/v2\/tags?post=10816"}],"curies":[{"name":"wp","href":"https:\/\/api.w.org\/{rel}","templated":true}]}}