
{"id":10817,"date":"2011-04-08T07:24:14","date_gmt":"2011-04-08T06:24:14","guid":{"rendered":"http:\/\/adamczewscy.pl\/?p=3165"},"modified":"2011-04-08T07:24:14","modified_gmt":"2011-04-08T06:24:14","slug":"kasza-jeczmienna-z-czerwona-fasola","status":"publish","type":"post","link":"https:\/\/blog.polityka.pl\/adamczewski\/2011\/04\/08\/kasza-jeczmienna-z-czerwona-fasola\/","title":{"rendered":"Kasza j\u0119czmienna z czerwon\u0105 fasol\u0105"},"content":{"rendered":"<p><em>Puszka konserwowej czerwonej fasoli, \u017c\u00f3\u0142ta papryka, 3 wi\u0119ksze pory, 2 \u0142y\u017cki oleju, \u0142y\u017cka mas\u0142a i \u0142y\u017cka m\u0105ki, szklanka mleka, sok z cytryny, 2 \u0142y\u017cki posiekanej zielonej pietruszki, starta ga\u0142ka muszkato\u0142owa, s\u00f3l i pieprz do smaku, 1, 5 szklanki kaszy j\u0119czmiennej wiejskiej<br \/>\nDo nat\u0142uszczenia formy: \u0142y\u017cka mas\u0142a<br \/>\n<\/em><br \/>\n1. Rozgrzac \u0142y\u017ck\u0119 oleju w garnku, wysypa\u0107 kasz\u0119 i mieszaj\u0105c doprowadzi\u0107 do tego, aby ziarna kaszy nabra\u0142y szklisto\u015bci. Zala\u0107 2 i p\u00f3\u0142 szklanki wody, doda\u0107 do smaku s\u00f3l i gotowa\u0107 do momentu, a\u017c kasza wch\u0142onie ca\u0142y p\u0142yn..<br \/>\n2. Umyt\u0105 papryk\u0119 pokroi\u0107 w kostk\u0119, fasol\u0119 ods\u0105czy\u0107 z zalewy, op\u0142uka\u0107 na durszlaku wod\u0105 . Po\u0142\u0105czy\u0107 papryk\u0119 i fasol\u0119 z kasz\u0105, chwil\u0119 razem gotowa\u0107.<br \/>\n3. Pory pokroi\u0107 na kawa\u0142ki 3-4 centymetrowe, poddusi\u0107 na pozosta\u0142ej \u0142y\u017cce oleju i tak\u017ce doda\u0107 do kaszy.<br \/>\n4. Rozpu\u015bci\u0107 w garnuszku mas\u0142o, doda\u0107 m\u0105k\u0119 i przyrz\u0105dzi\u0107 z\u0142ot\u0105 zasma\u017ck\u0119, doda\u0107 mleko i miesza\u0107, a\u017c powstanie sos, doprawi\u0107 sokiem cytrynowym do smaku, doda\u0107 s\u00f3l, pieprz i troch\u0119 startej ga\u0142ki muszkato\u0142owej.<br \/>\n5. W posmarowanym mas\u0142em naczyniu \u017caroodpornym u\u0142o\u017cy\u0107 kasz\u0119 z fasol\u0105. Zala\u0107 przygotowanym sosem.<br \/>\n6. Nagrza\u0107 piekarnik do 120 \u00b0C i zapieka\u0107 potraw\u0119 20 minut. <\/p>\n","protected":false},"excerpt":{"rendered":"<p>Puszka konserwowej czerwonej fasoli, \u017c\u00f3\u0142ta papryka, 3 wi\u0119ksze pory, 2 \u0142y\u017cki oleju, \u0142y\u017cka mas\u0142a i \u0142y\u017cka m\u0105ki, szklanka mleka, sok z cytryny, 2 \u0142y\u017cki posiekanej zielonej pietruszki, starta ga\u0142ka muszkato\u0142owa, s\u00f3l i pieprz do smaku, 1, 5 szklanki kaszy j\u0119czmiennej wiejskiej Do nat\u0142uszczenia formy: \u0142y\u017cka mas\u0142a 1. Rozgrzac \u0142y\u017ck\u0119 oleju w garnku, wysypa\u0107 kasz\u0119 i [&hellip;]<\/p>\n","protected":false},"author":2,"featured_media":0,"comment_status":"open","ping_status":"open","sticky":false,"template":"","format":"standard","meta":{"footnotes":""},"categories":[1],"tags":[],"_links":{"self":[{"href":"https:\/\/blog.polityka.pl\/adamczewski\/wp-json\/wp\/v2\/posts\/10817"}],"collection":[{"href":"https:\/\/blog.polityka.pl\/adamczewski\/wp-json\/wp\/v2\/posts"}],"about":[{"href":"https:\/\/blog.polityka.pl\/adamczewski\/wp-json\/wp\/v2\/types\/post"}],"author":[{"embeddable":true,"href":"https:\/\/blog.polityka.pl\/adamczewski\/wp-json\/wp\/v2\/users\/2"}],"replies":[{"embeddable":true,"href":"https:\/\/blog.polityka.pl\/adamczewski\/wp-json\/wp\/v2\/comments?post=10817"}],"version-history":[{"count":0,"href":"https:\/\/blog.polityka.pl\/adamczewski\/wp-json\/wp\/v2\/posts\/10817\/revisions"}],"wp:attachment":[{"href":"https:\/\/blog.polityka.pl\/adamczewski\/wp-json\/wp\/v2\/media?parent=10817"}],"wp:term":[{"taxonomy":"category","embeddable":true,"href":"https:\/\/blog.polityka.pl\/adamczewski\/wp-json\/wp\/v2\/categories?post=10817"},{"taxonomy":"post_tag","embeddable":true,"href":"https:\/\/blog.polityka.pl\/adamczewski\/wp-json\/wp\/v2\/tags?post=10817"}],"curies":[{"name":"wp","href":"https:\/\/api.w.org\/{rel}","templated":true}]}}