
{"id":10818,"date":"2011-04-08T07:25:01","date_gmt":"2011-04-08T06:25:01","guid":{"rendered":"http:\/\/adamczewscy.pl\/?p=3166"},"modified":"2011-04-08T07:25:01","modified_gmt":"2011-04-08T06:25:01","slug":"indyczy-filet-w-warzywnej-potrawce","status":"publish","type":"post","link":"https:\/\/blog.polityka.pl\/adamczewski\/2011\/04\/08\/indyczy-filet-w-warzywnej-potrawce\/","title":{"rendered":"Indyczy filet w warzywnej potrawce"},"content":{"rendered":"<p><em>Ok. 80 dag piersi indyczej, 4 dymki, cukinia, bak\u0142a\u017can, 2 czerwone i 1 \u017c\u00f3\u0142tka papryka, szklanka bulionu warzywnego z kostki, 4 \u0142y\u017cki \u015bmietany 18-proc., \u0142y\u017ceczka koncentratu pomidorowego, 2 z\u0105bki czosnku, 2 \u0142y\u017cki oleju, szczypta zi\u00f3\u0142 prowansalskich, \u0142y\u017cka mielonej s\u0142odkiej papryki<br \/>\n<\/em><br \/>\n1. Umyte mi\u0119so wytrze\u0107 papierowym kuchennym r\u0119cznikiem, pokroi\u0107 w kostk\u0119 wielko\u015bci po\u0142owy pude\u0142ka zapa\u0142ek,<br \/>\n2. Cebule pokroi\u0107 w pi\u00f3rka, bak\u0142a\u017can i cukini\u0119 w kostk\u0119 o boku ok. 3 cm, oba rodzaje papryki w paski, czosnek przecisn\u0105\u0107 przez prask\u0119.<br \/>\n3. Na patelni rozgrza\u0107 olej zrumieni\u0107 na nim ze wszystkich stron kostki mi\u0119sa, doda\u0107 pokrojone warzywa, doprawi\u0107 zio\u0142ami prowansalskimi i przeci\u015bni\u0119tym przez prask\u0119 czosnkiem, sol\u0105 i pieprzem. Sma\u017cy\u0107 wszystko razem, mieszaj\u0105c, oko\u0142o 5 minut.<br \/>\n4. Do warzyw z mi\u0119sem wla\u0107 bulion, doda\u0107 \u015bmietan\u0119, koncentrat pomidorowy i mielon\u0105 papryk\u0119. Dusi\u0107 25 minut.<br \/>\nPodawa\u0107 z ry\u017cem lub kasz\u0105 gryczan\u0105. <\/p>\n","protected":false},"excerpt":{"rendered":"<p>Ok. 80 dag piersi indyczej, 4 dymki, cukinia, bak\u0142a\u017can, 2 czerwone i 1 \u017c\u00f3\u0142tka papryka, szklanka bulionu warzywnego z kostki, 4 \u0142y\u017cki \u015bmietany 18-proc., \u0142y\u017ceczka koncentratu pomidorowego, 2 z\u0105bki czosnku, 2 \u0142y\u017cki oleju, szczypta zi\u00f3\u0142 prowansalskich, \u0142y\u017cka mielonej s\u0142odkiej papryki 1. Umyte mi\u0119so wytrze\u0107 papierowym kuchennym r\u0119cznikiem, pokroi\u0107 w kostk\u0119 wielko\u015bci po\u0142owy pude\u0142ka zapa\u0142ek, 2. [&hellip;]<\/p>\n","protected":false},"author":2,"featured_media":0,"comment_status":"open","ping_status":"open","sticky":false,"template":"","format":"standard","meta":{"footnotes":""},"categories":[1],"tags":[],"_links":{"self":[{"href":"https:\/\/blog.polityka.pl\/adamczewski\/wp-json\/wp\/v2\/posts\/10818"}],"collection":[{"href":"https:\/\/blog.polityka.pl\/adamczewski\/wp-json\/wp\/v2\/posts"}],"about":[{"href":"https:\/\/blog.polityka.pl\/adamczewski\/wp-json\/wp\/v2\/types\/post"}],"author":[{"embeddable":true,"href":"https:\/\/blog.polityka.pl\/adamczewski\/wp-json\/wp\/v2\/users\/2"}],"replies":[{"embeddable":true,"href":"https:\/\/blog.polityka.pl\/adamczewski\/wp-json\/wp\/v2\/comments?post=10818"}],"version-history":[{"count":0,"href":"https:\/\/blog.polityka.pl\/adamczewski\/wp-json\/wp\/v2\/posts\/10818\/revisions"}],"wp:attachment":[{"href":"https:\/\/blog.polityka.pl\/adamczewski\/wp-json\/wp\/v2\/media?parent=10818"}],"wp:term":[{"taxonomy":"category","embeddable":true,"href":"https:\/\/blog.polityka.pl\/adamczewski\/wp-json\/wp\/v2\/categories?post=10818"},{"taxonomy":"post_tag","embeddable":true,"href":"https:\/\/blog.polityka.pl\/adamczewski\/wp-json\/wp\/v2\/tags?post=10818"}],"curies":[{"name":"wp","href":"https:\/\/api.w.org\/{rel}","templated":true}]}}