
{"id":10819,"date":"2011-04-08T07:25:53","date_gmt":"2011-04-08T06:25:53","guid":{"rendered":"http:\/\/adamczewscy.pl\/?p=3167"},"modified":"2011-04-08T07:25:53","modified_gmt":"2011-04-08T06:25:53","slug":"mazurek-zurawinowy","status":"publish","type":"post","link":"https:\/\/blog.polityka.pl\/adamczewski\/2011\/04\/08\/mazurek-zurawinowy\/","title":{"rendered":"Mazurek \u017curawinowy"},"content":{"rendered":"<p><em>Szklanka m\u0105ki, p\u00f3\u0142 kostki mas\u0142a, 4 \u017c\u00f3\u0142tka, 5 \u0142y\u017cek cukru, cukier waniliowy z prawdziw\u0105 wanili\u0105<br \/>\nNa mas\u0119: 30 dag suszonych \u017curawin, 3\u017c\u00f3ltka, p\u00f3\u0142 szklanki cukru, 6 \u0142y\u017cek m\u0105ki, 3 bia\u0142ka<\/em><\/p>\n<p>1. Przesieka\u0107 m\u0105k\u0119 z mas\u0142em, doda\u0107 utarte z cukrem \u017c\u00f3\u0142tka i cukier waniliowy, zagnie\u015b\u0107 ciasto. Uformowane w kul\u0119 i owini\u0119te foli\u0105 w\u0142o\u017cy\u0107 do lod\u00f3wki.<br \/>\n2. Po tym czasie ciasto rozwa\u0142kowa\u0107 na cienki placek, wy\u0142o\u017cy\u0107 nim du\u017c\u0105 tortownic\u0119 formuj\u0105c wok\u00f3\u0142 brzegi. Podpiec w temperaturze 200\u00b0C na z\u0142ocisto.<br \/>\n3. Z bia\u0142ek i szczypty soli ubi\u0107 pian\u0119, \u017c\u00f3\u0142tka utrze\u0107 z cukrem i po\u0142\u0105czy\u0107 je z pian\u0105, doda\u0107 tak\u017ce m\u0105k\u0119 i starannie, lecz ostro\u017cnie, wymiesza\u0107. Doda\u0107 \u017curawiny, jeszcze raz wymiesza\u0107 i wy\u0142o\u017cy\u0107 mas\u0119 na podpieczony sp\u00f3d.<br \/>\n4. Nagrza\u0107 piekarnik do160\u00b0C i piec w nim mazurek 40 minut. <\/p>\n","protected":false},"excerpt":{"rendered":"<p>Szklanka m\u0105ki, p\u00f3\u0142 kostki mas\u0142a, 4 \u017c\u00f3\u0142tka, 5 \u0142y\u017cek cukru, cukier waniliowy z prawdziw\u0105 wanili\u0105 Na mas\u0119: 30 dag suszonych \u017curawin, 3\u017c\u00f3ltka, p\u00f3\u0142 szklanki cukru, 6 \u0142y\u017cek m\u0105ki, 3 bia\u0142ka 1. Przesieka\u0107 m\u0105k\u0119 z mas\u0142em, doda\u0107 utarte z cukrem \u017c\u00f3\u0142tka i cukier waniliowy, zagnie\u015b\u0107 ciasto. Uformowane w kul\u0119 i owini\u0119te foli\u0105 w\u0142o\u017cy\u0107 do lod\u00f3wki. 2. [&hellip;]<\/p>\n","protected":false},"author":2,"featured_media":0,"comment_status":"open","ping_status":"open","sticky":false,"template":"","format":"standard","meta":{"footnotes":""},"categories":[1],"tags":[],"_links":{"self":[{"href":"https:\/\/blog.polityka.pl\/adamczewski\/wp-json\/wp\/v2\/posts\/10819"}],"collection":[{"href":"https:\/\/blog.polityka.pl\/adamczewski\/wp-json\/wp\/v2\/posts"}],"about":[{"href":"https:\/\/blog.polityka.pl\/adamczewski\/wp-json\/wp\/v2\/types\/post"}],"author":[{"embeddable":true,"href":"https:\/\/blog.polityka.pl\/adamczewski\/wp-json\/wp\/v2\/users\/2"}],"replies":[{"embeddable":true,"href":"https:\/\/blog.polityka.pl\/adamczewski\/wp-json\/wp\/v2\/comments?post=10819"}],"version-history":[{"count":0,"href":"https:\/\/blog.polityka.pl\/adamczewski\/wp-json\/wp\/v2\/posts\/10819\/revisions"}],"wp:attachment":[{"href":"https:\/\/blog.polityka.pl\/adamczewski\/wp-json\/wp\/v2\/media?parent=10819"}],"wp:term":[{"taxonomy":"category","embeddable":true,"href":"https:\/\/blog.polityka.pl\/adamczewski\/wp-json\/wp\/v2\/categories?post=10819"},{"taxonomy":"post_tag","embeddable":true,"href":"https:\/\/blog.polityka.pl\/adamczewski\/wp-json\/wp\/v2\/tags?post=10819"}],"curies":[{"name":"wp","href":"https:\/\/api.w.org\/{rel}","templated":true}]}}