
{"id":10821,"date":"2011-04-15T05:41:07","date_gmt":"2011-04-15T04:41:07","guid":{"rendered":"http:\/\/adamczewscy.pl\/?p=3170"},"modified":"2011-04-15T05:41:07","modified_gmt":"2011-04-15T04:41:07","slug":"tort-nalesnikowy-z-miesem","status":"publish","type":"post","link":"https:\/\/blog.polityka.pl\/adamczewski\/2011\/04\/15\/tort-nalesnikowy-z-miesem\/","title":{"rendered":"Tort nale\u015bnikowy z mi\u0119sem"},"content":{"rendered":"<p><em>Na ciasto nale\u015bnikowe: szklanka mleka, 2 szklanki m\u0105ki, jajko, tyle mineralnej wody gazowanej, aby powsta\u0142o nie za g\u0119ste ciasto, \u0142y\u017cka oleju do sma\u017cenia<br \/>\nNa farsz: 50 dag mielonego mi\u0119sa, 40 dag pieczarek, 4 dymki, s\u00f3l, \u015bwie\u017co mielony pieprz, szczypta zi\u00f3\u0142 prowansalskich, 3 \u0142y\u017cki mas\u0142a,<br \/>\nDo sma\u017cenia: 4 \u0142y\u017cki oleju<br \/>\nDo posmarowania naczynia \u017caroodpornego: \u0142y\u017cka mas\u0142a<\/em><\/p>\n<p>1. Wymiesza\u0107 sk\u0142adniki ciasta i usma\u017cy\u0107 do\u015b\u0107 grube nale\u015bniki.<br \/>\n2. Cebul\u0119 posieka\u0107 jak najdrobniej, zeszkli\u0107 na oleju, doda\u0107 mi\u0119so i sma\u017cy\u0107 5 minut.<br \/>\n3. Pieczarki oczy\u015bci\u0107, pokroi\u0107 w plasterki, podsma\u017cy\u0107 na 2 \u0142y\u017ckach mas\u0142a.<br \/>\n4. Po\u0142\u0105czy\u0107 mi\u0119so z pieczarkami, doprawi\u0107 sol\u0105, pieprzem oraz zio\u0142ami prowansalskimi.<br \/>\n5. W posmarowanej mas\u0142em tortownicy uk\u0142ada\u0107 warstwami nale\u015bniki i mi\u0119so, do wyczerpania si\u0119 sk\u0142adnik\u00f3w. Na wierzchu pouk\u0142ada\u0107 wi\u00f3rki mas\u0142a.<br \/>\n6. W piekarniku nagrzanym do temperatury 180\u00b0 zapieka\u0107 potraw\u0119 oko\u0142o 15 minut. <\/p>\n","protected":false},"excerpt":{"rendered":"<p>Na ciasto nale\u015bnikowe: szklanka mleka, 2 szklanki m\u0105ki, jajko, tyle mineralnej wody gazowanej, aby powsta\u0142o nie za g\u0119ste ciasto, \u0142y\u017cka oleju do sma\u017cenia Na farsz: 50 dag mielonego mi\u0119sa, 40 dag pieczarek, 4 dymki, s\u00f3l, \u015bwie\u017co mielony pieprz, szczypta zi\u00f3\u0142 prowansalskich, 3 \u0142y\u017cki mas\u0142a, Do sma\u017cenia: 4 \u0142y\u017cki oleju Do posmarowania naczynia \u017caroodpornego: \u0142y\u017cka mas\u0142a [&hellip;]<\/p>\n","protected":false},"author":2,"featured_media":0,"comment_status":"open","ping_status":"open","sticky":false,"template":"","format":"standard","meta":{"footnotes":""},"categories":[1],"tags":[],"_links":{"self":[{"href":"https:\/\/blog.polityka.pl\/adamczewski\/wp-json\/wp\/v2\/posts\/10821"}],"collection":[{"href":"https:\/\/blog.polityka.pl\/adamczewski\/wp-json\/wp\/v2\/posts"}],"about":[{"href":"https:\/\/blog.polityka.pl\/adamczewski\/wp-json\/wp\/v2\/types\/post"}],"author":[{"embeddable":true,"href":"https:\/\/blog.polityka.pl\/adamczewski\/wp-json\/wp\/v2\/users\/2"}],"replies":[{"embeddable":true,"href":"https:\/\/blog.polityka.pl\/adamczewski\/wp-json\/wp\/v2\/comments?post=10821"}],"version-history":[{"count":0,"href":"https:\/\/blog.polityka.pl\/adamczewski\/wp-json\/wp\/v2\/posts\/10821\/revisions"}],"wp:attachment":[{"href":"https:\/\/blog.polityka.pl\/adamczewski\/wp-json\/wp\/v2\/media?parent=10821"}],"wp:term":[{"taxonomy":"category","embeddable":true,"href":"https:\/\/blog.polityka.pl\/adamczewski\/wp-json\/wp\/v2\/categories?post=10821"},{"taxonomy":"post_tag","embeddable":true,"href":"https:\/\/blog.polityka.pl\/adamczewski\/wp-json\/wp\/v2\/tags?post=10821"}],"curies":[{"name":"wp","href":"https:\/\/api.w.org\/{rel}","templated":true}]}}