
{"id":10822,"date":"2011-04-15T05:41:59","date_gmt":"2011-04-15T04:41:59","guid":{"rendered":"http:\/\/adamczewscy.pl\/?p=3171"},"modified":"2011-04-15T05:41:59","modified_gmt":"2011-04-15T04:41:59","slug":"sernik-z-ziemniakami","status":"publish","type":"post","link":"https:\/\/blog.polityka.pl\/adamczewski\/2011\/04\/15\/sernik-z-ziemniakami\/","title":{"rendered":"Sernik z ziemniakami"},"content":{"rendered":"<p><em>Na ciasto: 1,5 szklanki m\u0105ki, p\u00f3\u0142 szklanki cukru, 20 dag mas\u0142a, \u017c\u00f3\u0142tko<br \/>\nNa mas\u0119 serow\u0105: 50 dag sera mielonego na sernik, 25 dag gotowanych ziemniak\u00f3w, 3 \u0142y\u017cki mas\u0142a, 4 jaja, szklanka cukru pudru, cukier waniliowy, 3 \u0142y\u017cki rodzynek, gar\u015b\u0107 pokrojonych migda\u0142\u00f3w, sma\u017cona sk\u00f3rka pomara\u0144czowa<br \/>\nDo posmarowania tortownicy: \u0142y\u017cka mas\u0142a<br \/>\n<\/em><br \/>\n1. Przygotowa\u0107 kruche ciasto: przesieka\u0107 a nast\u0119pnie zagnie\u015b\u0107 wszystkie podane sk\u0142adniki. Wy\u0142o\u017cy\u0107 ciastem posmarowan\u0105 mas\u0142em tortownic\u0119. Podpiec w 160 \u00b0C przez 10 minut.<br \/>\n2. Obra\u0107 i ugotowa\u0107 ziemniaki, po czym gor\u0105ce przepu\u015bci\u0107 przez prask\u0119.<br \/>\n3. Utrze\u0107 dok\u0142adnie mas\u0142o dodaj\u0105c po jednym \u017c\u00f3\u0142tka i po trochu cukier puder, na koniec doda\u0107 ser i ziemniaki oraz cukier waniliowy oraz bakalie.<br \/>\n4. Ubi\u0107 z bia\u0142ek sztywn\u0105 pian\u0119 i doda\u0107 do masy, starannie wymiesza\u0107, wy\u0142o\u017cy\u0107 na podpieczony sp\u00f3d. Wyg\u0142adzi\u0107 wierzch.<br \/>\n5. W piekarniku nagrzanym do 180\u00b0C piec sernik oko\u0142o 50-60minut. <\/p>\n","protected":false},"excerpt":{"rendered":"<p>Na ciasto: 1,5 szklanki m\u0105ki, p\u00f3\u0142 szklanki cukru, 20 dag mas\u0142a, \u017c\u00f3\u0142tko Na mas\u0119 serow\u0105: 50 dag sera mielonego na sernik, 25 dag gotowanych ziemniak\u00f3w, 3 \u0142y\u017cki mas\u0142a, 4 jaja, szklanka cukru pudru, cukier waniliowy, 3 \u0142y\u017cki rodzynek, gar\u015b\u0107 pokrojonych migda\u0142\u00f3w, sma\u017cona sk\u00f3rka pomara\u0144czowa Do posmarowania tortownicy: \u0142y\u017cka mas\u0142a 1. Przygotowa\u0107 kruche ciasto: przesieka\u0107 a [&hellip;]<\/p>\n","protected":false},"author":2,"featured_media":0,"comment_status":"open","ping_status":"open","sticky":false,"template":"","format":"standard","meta":{"footnotes":""},"categories":[1],"tags":[],"_links":{"self":[{"href":"https:\/\/blog.polityka.pl\/adamczewski\/wp-json\/wp\/v2\/posts\/10822"}],"collection":[{"href":"https:\/\/blog.polityka.pl\/adamczewski\/wp-json\/wp\/v2\/posts"}],"about":[{"href":"https:\/\/blog.polityka.pl\/adamczewski\/wp-json\/wp\/v2\/types\/post"}],"author":[{"embeddable":true,"href":"https:\/\/blog.polityka.pl\/adamczewski\/wp-json\/wp\/v2\/users\/2"}],"replies":[{"embeddable":true,"href":"https:\/\/blog.polityka.pl\/adamczewski\/wp-json\/wp\/v2\/comments?post=10822"}],"version-history":[{"count":0,"href":"https:\/\/blog.polityka.pl\/adamczewski\/wp-json\/wp\/v2\/posts\/10822\/revisions"}],"wp:attachment":[{"href":"https:\/\/blog.polityka.pl\/adamczewski\/wp-json\/wp\/v2\/media?parent=10822"}],"wp:term":[{"taxonomy":"category","embeddable":true,"href":"https:\/\/blog.polityka.pl\/adamczewski\/wp-json\/wp\/v2\/categories?post=10822"},{"taxonomy":"post_tag","embeddable":true,"href":"https:\/\/blog.polityka.pl\/adamczewski\/wp-json\/wp\/v2\/tags?post=10822"}],"curies":[{"name":"wp","href":"https:\/\/api.w.org\/{rel}","templated":true}]}}