
{"id":10829,"date":"2011-04-28T16:15:17","date_gmt":"2011-04-28T15:15:17","guid":{"rendered":"http:\/\/adamczewscy.pl\/?p=3181"},"modified":"2011-04-28T16:15:17","modified_gmt":"2011-04-28T15:15:17","slug":"kurczak-po-meksykansku","status":"publish","type":"post","link":"https:\/\/blog.polityka.pl\/adamczewski\/2011\/04\/28\/kurczak-po-meksykansku\/","title":{"rendered":"Kurczak po meksyka\u0144sku"},"content":{"rendered":"<p><em>2 podw\u00f3jne piersi z kurczaka, awokado, 2 pomidory, s\u00f3l, pieprz, \u0142y\u017cka mas\u0142a, 2 \u0142y\u017cki oleju<\/em><\/p>\n<p>1. Podzieli\u0107 piersi z kurczaka na po\u0142owy, lekko zbi\u0107 t\u0142uczkiem, posypa\u0107 sol\u0105 i pieprzem.<br \/>\n2. Awokado obra\u0107, odrzuci\u0107 pestk\u0119, mi\u0105\u017csz pokroi\u0107 w kostk\u0119. Pomidory po polaniu wrz\u0105tkiem i obraniu ze sk\u00f3rki tak\u017ce pokroi\u0107 w kostk\u0119.<br \/>\n3. Na rozgrzanym oleju zrumieni\u0107 z obu stron mi\u0119so.<br \/>\n4. Na ma\u015ble poddusi\u0107 pomidory z awokado, lekko posoli\u0107 i u\u0142o\u017cy\u0107 wok\u00f3\u0142 usma\u017conego mi\u0119sa z kurczaka. <\/p>\n","protected":false},"excerpt":{"rendered":"<p>2 podw\u00f3jne piersi z kurczaka, awokado, 2 pomidory, s\u00f3l, pieprz, \u0142y\u017cka mas\u0142a, 2 \u0142y\u017cki oleju 1. Podzieli\u0107 piersi z kurczaka na po\u0142owy, lekko zbi\u0107 t\u0142uczkiem, posypa\u0107 sol\u0105 i pieprzem. 2. Awokado obra\u0107, odrzuci\u0107 pestk\u0119, mi\u0105\u017csz pokroi\u0107 w kostk\u0119. Pomidory po polaniu wrz\u0105tkiem i obraniu ze sk\u00f3rki tak\u017ce pokroi\u0107 w kostk\u0119. 3. Na rozgrzanym oleju zrumieni\u0107 [&hellip;]<\/p>\n","protected":false},"author":2,"featured_media":0,"comment_status":"open","ping_status":"open","sticky":false,"template":"","format":"standard","meta":{"footnotes":""},"categories":[1],"tags":[],"_links":{"self":[{"href":"https:\/\/blog.polityka.pl\/adamczewski\/wp-json\/wp\/v2\/posts\/10829"}],"collection":[{"href":"https:\/\/blog.polityka.pl\/adamczewski\/wp-json\/wp\/v2\/posts"}],"about":[{"href":"https:\/\/blog.polityka.pl\/adamczewski\/wp-json\/wp\/v2\/types\/post"}],"author":[{"embeddable":true,"href":"https:\/\/blog.polityka.pl\/adamczewski\/wp-json\/wp\/v2\/users\/2"}],"replies":[{"embeddable":true,"href":"https:\/\/blog.polityka.pl\/adamczewski\/wp-json\/wp\/v2\/comments?post=10829"}],"version-history":[{"count":0,"href":"https:\/\/blog.polityka.pl\/adamczewski\/wp-json\/wp\/v2\/posts\/10829\/revisions"}],"wp:attachment":[{"href":"https:\/\/blog.polityka.pl\/adamczewski\/wp-json\/wp\/v2\/media?parent=10829"}],"wp:term":[{"taxonomy":"category","embeddable":true,"href":"https:\/\/blog.polityka.pl\/adamczewski\/wp-json\/wp\/v2\/categories?post=10829"},{"taxonomy":"post_tag","embeddable":true,"href":"https:\/\/blog.polityka.pl\/adamczewski\/wp-json\/wp\/v2\/tags?post=10829"}],"curies":[{"name":"wp","href":"https:\/\/api.w.org\/{rel}","templated":true}]}}