
{"id":10831,"date":"2011-04-28T16:16:36","date_gmt":"2011-04-28T15:16:36","guid":{"rendered":"http:\/\/adamczewscy.pl\/?p=3183"},"modified":"2011-04-28T16:16:36","modified_gmt":"2011-04-28T15:16:36","slug":"dorsz-zapiekany-w-selerach","status":"publish","type":"post","link":"https:\/\/blog.polityka.pl\/adamczewski\/2011\/04\/28\/dorsz-zapiekany-w-selerach\/","title":{"rendered":"Dorsz zapiekany w selerach"},"content":{"rendered":"<p><em>80 dag filet\u00f3w dorsza,50 dag bulw selerowych, 3 z\u0105bki czosnku, 2 \u0142y\u017ceczki majeranku, 2 \u0142y\u017cki mas\u0142a, 2 \u0142y\u017cki oleju, ? szklanki startego \u017c\u00f3\u0142tego sera, s\u00f3l, pieprz<\/em><\/p>\n<p>1. Obrane i umyte selery zetrze\u0107 na jarzynowej tarce, doda\u0107 przeci\u015bni\u0119te przez prask\u0119 z\u0105bki czosnku ,majeranek i olej. Lekko posoli\u0107 .<br \/>\n2. Umyt\u0105 ryb\u0119 posypa\u0107 sol\u0105  i pieprzem .<br \/>\n3. \u017baroodporny p\u00f3\u0142misek posmarowa\u0107 \u0142y\u017ck\u0105  mas\u0142a, wy\u0142o\u017cy\u0107 po\u0142ow\u0119 startych seler\u00f3w, na nich ryb\u0119, na wierzchy roz\u0142o\u017cy\u0107 zn\u00f3w selery, posypa\u0107  startym  serem i gdzie niegdzie pouk\u0142ada\u0107 kawa\u0142eczki mas\u0142a.<br \/>\n4. W nagrzanym do 180 \u00b0C piekarniku piec potraw\u0119 oko\u0142o 25 minut.<\/p>\n","protected":false},"excerpt":{"rendered":"<p>80 dag filet\u00f3w dorsza,50 dag bulw selerowych, 3 z\u0105bki czosnku, 2 \u0142y\u017ceczki majeranku, 2 \u0142y\u017cki mas\u0142a, 2 \u0142y\u017cki oleju, ? szklanki startego \u017c\u00f3\u0142tego sera, s\u00f3l, pieprz 1. Obrane i umyte selery zetrze\u0107 na jarzynowej tarce, doda\u0107 przeci\u015bni\u0119te przez prask\u0119 z\u0105bki czosnku ,majeranek i olej. Lekko posoli\u0107 . 2. Umyt\u0105 ryb\u0119 posypa\u0107 sol\u0105 i pieprzem . [&hellip;]<\/p>\n","protected":false},"author":2,"featured_media":0,"comment_status":"open","ping_status":"open","sticky":false,"template":"","format":"standard","meta":{"footnotes":""},"categories":[1],"tags":[],"_links":{"self":[{"href":"https:\/\/blog.polityka.pl\/adamczewski\/wp-json\/wp\/v2\/posts\/10831"}],"collection":[{"href":"https:\/\/blog.polityka.pl\/adamczewski\/wp-json\/wp\/v2\/posts"}],"about":[{"href":"https:\/\/blog.polityka.pl\/adamczewski\/wp-json\/wp\/v2\/types\/post"}],"author":[{"embeddable":true,"href":"https:\/\/blog.polityka.pl\/adamczewski\/wp-json\/wp\/v2\/users\/2"}],"replies":[{"embeddable":true,"href":"https:\/\/blog.polityka.pl\/adamczewski\/wp-json\/wp\/v2\/comments?post=10831"}],"version-history":[{"count":0,"href":"https:\/\/blog.polityka.pl\/adamczewski\/wp-json\/wp\/v2\/posts\/10831\/revisions"}],"wp:attachment":[{"href":"https:\/\/blog.polityka.pl\/adamczewski\/wp-json\/wp\/v2\/media?parent=10831"}],"wp:term":[{"taxonomy":"category","embeddable":true,"href":"https:\/\/blog.polityka.pl\/adamczewski\/wp-json\/wp\/v2\/categories?post=10831"},{"taxonomy":"post_tag","embeddable":true,"href":"https:\/\/blog.polityka.pl\/adamczewski\/wp-json\/wp\/v2\/tags?post=10831"}],"curies":[{"name":"wp","href":"https:\/\/api.w.org\/{rel}","templated":true}]}}