
{"id":10832,"date":"2011-04-28T16:17:06","date_gmt":"2011-04-28T15:17:06","guid":{"rendered":"http:\/\/adamczewscy.pl\/?p=3184"},"modified":"2011-04-28T16:17:06","modified_gmt":"2011-04-28T15:17:06","slug":"zupa-mysliwska","status":"publish","type":"post","link":"https:\/\/blog.polityka.pl\/adamczewski\/2011\/04\/28\/zupa-mysliwska\/","title":{"rendered":"Zupa my\u015bliwska"},"content":{"rendered":"<p><em>Udko z kurczaka, udko z g\u0119si, szklanka mro\u017conej w\u0142oszczyzny, czerwona papryka, pomidor, \u0142y\u017cka powide\u0142 \u015bliwkowych, li\u015b\u0107 laurowy, 2 ziarna ja\u0142owca, 2 ziarna ziela angielskiego, p\u00f3\u0142 \u0142y\u017ceczki mielonej s\u0142odkiej papryki, szczypta jakiejkolwiek ostrej przyprawy, s\u00f3l, pieprz, 2 \u0142y\u017cki oliwy z oliwek<br \/>\n<\/em><br \/>\n1. Umyte mi\u0119so w\u0142o\u017cy\u0107 do garnka, wla\u0107 6 szklanek wody, doda\u0107 w\u0142oszczyzn\u0119 i li\u015b\u0107 Laurowy, ziele angielskie i ja\u0142owiec. Gotowa\u0107  ,a\u017c mi\u0119so stanie si\u0119 zupe\u0142nie mi\u0119kkie.<br \/>\n2. Posieka\u0107 cebul\u0119, papryk\u0119 i pomidora pokroi\u0107 w kostk\u0119, wrzuci\u0107 na rozgrzan\u0105 oliw\u0119 i lekko zrumieni\u0107.<br \/>\n3. Ugotowane mi\u0119so wyj\u0105\u0107 z wywaru, pokroi\u0107, doda\u0107 do podsma\u017conej papryki z cebul\u0105 i pomidorem, chwil\u0119  razem sma\u017cy\u0107, po czym w\u0142o\u017cy\u0107  z powrotem do wywaru.<br \/>\n4. Do zupy doda\u0107 powid\u0142a \u015bliwkowe, mielon\u0105 s\u0142odk\u0105  papryk\u0119, s\u00f3l i pieprz oraz wed\u0142ug gustu ostr\u0105 przypraw\u0119.<br \/>\nPodawa\u0107  z \u0142azankami lub krojonymi w paski nale\u015bnikami.<\/p>\n","protected":false},"excerpt":{"rendered":"<p>Udko z kurczaka, udko z g\u0119si, szklanka mro\u017conej w\u0142oszczyzny, czerwona papryka, pomidor, \u0142y\u017cka powide\u0142 \u015bliwkowych, li\u015b\u0107 laurowy, 2 ziarna ja\u0142owca, 2 ziarna ziela angielskiego, p\u00f3\u0142 \u0142y\u017ceczki mielonej s\u0142odkiej papryki, szczypta jakiejkolwiek ostrej przyprawy, s\u00f3l, pieprz, 2 \u0142y\u017cki oliwy z oliwek 1. Umyte mi\u0119so w\u0142o\u017cy\u0107 do garnka, wla\u0107 6 szklanek wody, doda\u0107 w\u0142oszczyzn\u0119 i li\u015b\u0107 Laurowy, [&hellip;]<\/p>\n","protected":false},"author":2,"featured_media":0,"comment_status":"open","ping_status":"open","sticky":false,"template":"","format":"standard","meta":{"footnotes":""},"categories":[1],"tags":[],"_links":{"self":[{"href":"https:\/\/blog.polityka.pl\/adamczewski\/wp-json\/wp\/v2\/posts\/10832"}],"collection":[{"href":"https:\/\/blog.polityka.pl\/adamczewski\/wp-json\/wp\/v2\/posts"}],"about":[{"href":"https:\/\/blog.polityka.pl\/adamczewski\/wp-json\/wp\/v2\/types\/post"}],"author":[{"embeddable":true,"href":"https:\/\/blog.polityka.pl\/adamczewski\/wp-json\/wp\/v2\/users\/2"}],"replies":[{"embeddable":true,"href":"https:\/\/blog.polityka.pl\/adamczewski\/wp-json\/wp\/v2\/comments?post=10832"}],"version-history":[{"count":0,"href":"https:\/\/blog.polityka.pl\/adamczewski\/wp-json\/wp\/v2\/posts\/10832\/revisions"}],"wp:attachment":[{"href":"https:\/\/blog.polityka.pl\/adamczewski\/wp-json\/wp\/v2\/media?parent=10832"}],"wp:term":[{"taxonomy":"category","embeddable":true,"href":"https:\/\/blog.polityka.pl\/adamczewski\/wp-json\/wp\/v2\/categories?post=10832"},{"taxonomy":"post_tag","embeddable":true,"href":"https:\/\/blog.polityka.pl\/adamczewski\/wp-json\/wp\/v2\/tags?post=10832"}],"curies":[{"name":"wp","href":"https:\/\/api.w.org\/{rel}","templated":true}]}}