
{"id":10839,"date":"2011-05-13T07:43:14","date_gmt":"2011-05-13T06:43:14","guid":{"rendered":"http:\/\/adamczewscy.pl\/?p=3193"},"modified":"2011-05-13T07:43:14","modified_gmt":"2011-05-13T06:43:14","slug":"pieczony-losos-z-dodatkiem","status":"publish","type":"post","link":"https:\/\/blog.polityka.pl\/adamczewski\/2011\/05\/13\/pieczony-losos-z-dodatkiem\/","title":{"rendered":"Pieczony \u0142oso\u015b z dodatkiem"},"content":{"rendered":"<p><em>4 porcje \u0142ososia(mog\u0105 to by\u0107 kawa\u0142ki filetu lub  dzwonka) ,sok z po\u0142owy cytryny,  4 ma\u0142e ga\u0142\u0105zki estragonu, s\u00f3l, \u015bwie\u017co mielony pieprz ,\u0142y\u017ceczka oliwy.<br \/>\nJako dodatek:  2 marchwie, por, \u0142y\u017cka mas\u0142a<\/em><\/p>\n<p>1.Kawa\u0142ki \u0142ososia umy\u0107 ,osuszy\u0107 papierowym kuchennym r\u0119cznikiem, u\u0142o\u017cy\u0107 na \u017caroodpornym p\u00f3\u0142misku lekko posmarowanym oliw\u0105, skropi\u0107 sokiem cytrynowym, posypa\u0107  sol\u0105 i pieprzem, na ka\u017cdym kawa\u0142ku ryby po\u0142o\u017cy\u0107 ga\u0142\u0105zk\u0119 estragonu.<br \/>\n2.Kawa\u0142ki \u0142ososia wstawi\u0107  do piekarnika  nagrzanego  do 180 \u00b0C  i piec oko\u0142o 15-20 minut.<br \/>\n3.Obran\u0105 marchew i pora pokroi\u0107 w cienkie plasterki, wrzuci\u0107 do wrz\u0105cej , lekko posolonej wody i obgotowa\u0107 5 minut, po czym odcedzi\u0107, wymiesza\u0107 gor\u0105ce warzywa  z mas\u0142em.<br \/>\n4.Na kawa\u0142kach upieczonej ryby u\u0142o\u017cy\u0107 warzywa. O<\/p>\n","protected":false},"excerpt":{"rendered":"<p>4 porcje \u0142ososia(mog\u0105 to by\u0107 kawa\u0142ki filetu lub dzwonka) ,sok z po\u0142owy cytryny, 4 ma\u0142e ga\u0142\u0105zki estragonu, s\u00f3l, \u015bwie\u017co mielony pieprz ,\u0142y\u017ceczka oliwy. Jako dodatek: 2 marchwie, por, \u0142y\u017cka mas\u0142a 1.Kawa\u0142ki \u0142ososia umy\u0107 ,osuszy\u0107 papierowym kuchennym r\u0119cznikiem, u\u0142o\u017cy\u0107 na \u017caroodpornym p\u00f3\u0142misku lekko posmarowanym oliw\u0105, skropi\u0107 sokiem cytrynowym, posypa\u0107 sol\u0105 i pieprzem, na ka\u017cdym kawa\u0142ku ryby [&hellip;]<\/p>\n","protected":false},"author":2,"featured_media":0,"comment_status":"open","ping_status":"open","sticky":false,"template":"","format":"standard","meta":{"footnotes":""},"categories":[1],"tags":[],"_links":{"self":[{"href":"https:\/\/blog.polityka.pl\/adamczewski\/wp-json\/wp\/v2\/posts\/10839"}],"collection":[{"href":"https:\/\/blog.polityka.pl\/adamczewski\/wp-json\/wp\/v2\/posts"}],"about":[{"href":"https:\/\/blog.polityka.pl\/adamczewski\/wp-json\/wp\/v2\/types\/post"}],"author":[{"embeddable":true,"href":"https:\/\/blog.polityka.pl\/adamczewski\/wp-json\/wp\/v2\/users\/2"}],"replies":[{"embeddable":true,"href":"https:\/\/blog.polityka.pl\/adamczewski\/wp-json\/wp\/v2\/comments?post=10839"}],"version-history":[{"count":0,"href":"https:\/\/blog.polityka.pl\/adamczewski\/wp-json\/wp\/v2\/posts\/10839\/revisions"}],"wp:attachment":[{"href":"https:\/\/blog.polityka.pl\/adamczewski\/wp-json\/wp\/v2\/media?parent=10839"}],"wp:term":[{"taxonomy":"category","embeddable":true,"href":"https:\/\/blog.polityka.pl\/adamczewski\/wp-json\/wp\/v2\/categories?post=10839"},{"taxonomy":"post_tag","embeddable":true,"href":"https:\/\/blog.polityka.pl\/adamczewski\/wp-json\/wp\/v2\/tags?post=10839"}],"curies":[{"name":"wp","href":"https:\/\/api.w.org\/{rel}","templated":true}]}}