
{"id":10840,"date":"2011-05-13T07:46:05","date_gmt":"2011-05-13T06:46:05","guid":{"rendered":"http:\/\/adamczewscy.pl\/?p=3194"},"modified":"2011-05-13T07:46:05","modified_gmt":"2011-05-13T06:46:05","slug":"dorsz-na-parze","status":"publish","type":"post","link":"https:\/\/blog.polityka.pl\/adamczewski\/2011\/05\/13\/dorsz-na-parze\/","title":{"rendered":"Dorsz na parze"},"content":{"rendered":"<p><em>4 porcje filetu z dorsza, szczypta soli czosnkowej, szczypta pieprzu zio\u0142owego (gotowej mieszanki dost\u0119pnej w sklepach) 15 dag pieczarek, cebula, \u0142y\u017cka oleju, 2 \u0142y\u017ceczki soku z cytryny, 2 \u0142y\u017cki posiekanej zielonej pietruszki, s\u00f3l<br \/>\n<\/em><br \/>\n1. Posieka\u0107 cebul\u0119, podsma\u017cy\u0107 na oleju, doda\u0107 posiekane pieczarki i chwil\u0119 dusi\u0107, doprawi\u0107 sol\u0105.<br \/>\n2. Filety z dorsza skropi\u0107 cytryn\u0105, podzieli\u0107 wzd\u0142u\u017c na po\u0142\u00f3wki, zwin\u0105\u0107 w niezbyt \u015bcis\u0142y rulonik i spi\u0105\u0107 wyka\u0142aczk\u0105. W \u015brodek rulonik\u00f3w w\u0142o\u017cy\u0107 \u0142y\u017ceczk\u0105 podsma\u017cone pieczarki, posypa\u0107 ruloniki sol\u0105 czosnkow\u0105 i pieprzem zio\u0142owym, posypa\u0107 siekan\u0105 zielon\u0105 pietruszk\u0105.<br \/>\n3. Umie\u015bcic ruloniki nad wrz\u0105c\u0105 w naczyniu do gotowania na parze wod\u0105 i gotowa\u0107 oko\u0142o 12-15 minut.<br \/>\nUwaga: mo\u017cna tak\u017ce ruloniki zapakowa\u0107 w foli\u0119 aluminiow\u0105 i upiec w piekarniku. <\/p>\n","protected":false},"excerpt":{"rendered":"<p>4 porcje filetu z dorsza, szczypta soli czosnkowej, szczypta pieprzu zio\u0142owego (gotowej mieszanki dost\u0119pnej w sklepach) 15 dag pieczarek, cebula, \u0142y\u017cka oleju, 2 \u0142y\u017ceczki soku z cytryny, 2 \u0142y\u017cki posiekanej zielonej pietruszki, s\u00f3l 1. Posieka\u0107 cebul\u0119, podsma\u017cy\u0107 na oleju, doda\u0107 posiekane pieczarki i chwil\u0119 dusi\u0107, doprawi\u0107 sol\u0105. 2. Filety z dorsza skropi\u0107 cytryn\u0105, podzieli\u0107 wzd\u0142u\u017c [&hellip;]<\/p>\n","protected":false},"author":2,"featured_media":0,"comment_status":"open","ping_status":"open","sticky":false,"template":"","format":"standard","meta":{"footnotes":""},"categories":[1],"tags":[],"_links":{"self":[{"href":"https:\/\/blog.polityka.pl\/adamczewski\/wp-json\/wp\/v2\/posts\/10840"}],"collection":[{"href":"https:\/\/blog.polityka.pl\/adamczewski\/wp-json\/wp\/v2\/posts"}],"about":[{"href":"https:\/\/blog.polityka.pl\/adamczewski\/wp-json\/wp\/v2\/types\/post"}],"author":[{"embeddable":true,"href":"https:\/\/blog.polityka.pl\/adamczewski\/wp-json\/wp\/v2\/users\/2"}],"replies":[{"embeddable":true,"href":"https:\/\/blog.polityka.pl\/adamczewski\/wp-json\/wp\/v2\/comments?post=10840"}],"version-history":[{"count":0,"href":"https:\/\/blog.polityka.pl\/adamczewski\/wp-json\/wp\/v2\/posts\/10840\/revisions"}],"wp:attachment":[{"href":"https:\/\/blog.polityka.pl\/adamczewski\/wp-json\/wp\/v2\/media?parent=10840"}],"wp:term":[{"taxonomy":"category","embeddable":true,"href":"https:\/\/blog.polityka.pl\/adamczewski\/wp-json\/wp\/v2\/categories?post=10840"},{"taxonomy":"post_tag","embeddable":true,"href":"https:\/\/blog.polityka.pl\/adamczewski\/wp-json\/wp\/v2\/tags?post=10840"}],"curies":[{"name":"wp","href":"https:\/\/api.w.org\/{rel}","templated":true}]}}