
{"id":10841,"date":"2011-05-13T07:46:44","date_gmt":"2011-05-13T06:46:44","guid":{"rendered":"http:\/\/adamczewscy.pl\/?p=3195"},"modified":"2011-05-13T07:46:44","modified_gmt":"2011-05-13T06:46:44","slug":"bananowiec","status":"publish","type":"post","link":"https:\/\/blog.polityka.pl\/adamczewski\/2011\/05\/13\/bananowiec\/","title":{"rendered":"Bananowiec"},"content":{"rendered":"<p><em>50 dag banan\u00f3w, 2 kopiaste szklanki m\u0105ki, p\u00f3\u0142 lub ? szklanki cukru, 5 \u0142y\u017cek mas\u0142a, 2 jaja, ? szklanki mleka, 3 \u0142y\u017ceczki proszku do pieczenia, p\u00f3\u0142 szklanki pokrojonych w paski suszonych moreli, 3 \u0142y\u017cki p\u0142atk\u00f3w migda\u0142owych,  2 \u0142y\u017cki soku z cytryny, \u0142y\u017ceczka cynamonu<br \/>\nDo posmarowania blaszki :\u0142y\u017cka mas\u0142a<br \/>\n<\/em><br \/>\n1. Stopi\u0107 mas\u0142o, doda\u0107 cukier i chwil\u0119 jeszcze podgrzewa\u0107, po czym zestawi\u0107 z ognia i  och\u0142odzi\u0107, dola\u0107 mleko i wbi\u0107 jajka, zmiksowa\u0107.<br \/>\n2. Doda\u0107 m\u0105k\u0119 i proszek do pieczenia, wsypywa\u0107 do mas\u0142a z dodatkami i miksowa\u0107 a\u017c do uzyskania jednorodnej konsystencji.<br \/>\n3. Pokroic banany w plasterki, wraz z pokrojonymi morelami i 2 \u0142y\u017ckami p\u0142atk\u00f3w migda\u0142owych cytrynowym sokiem i cynamonem doda\u0107 do ciasta. <\/p>\n","protected":false},"excerpt":{"rendered":"<p>50 dag banan\u00f3w, 2 kopiaste szklanki m\u0105ki, p\u00f3\u0142 lub ? szklanki cukru, 5 \u0142y\u017cek mas\u0142a, 2 jaja, ? szklanki mleka, 3 \u0142y\u017ceczki proszku do pieczenia, p\u00f3\u0142 szklanki pokrojonych w paski suszonych moreli, 3 \u0142y\u017cki p\u0142atk\u00f3w migda\u0142owych, 2 \u0142y\u017cki soku z cytryny, \u0142y\u017ceczka cynamonu Do posmarowania blaszki :\u0142y\u017cka mas\u0142a 1. Stopi\u0107 mas\u0142o, doda\u0107 cukier i chwil\u0119 [&hellip;]<\/p>\n","protected":false},"author":2,"featured_media":0,"comment_status":"open","ping_status":"open","sticky":false,"template":"","format":"standard","meta":{"footnotes":""},"categories":[1],"tags":[],"_links":{"self":[{"href":"https:\/\/blog.polityka.pl\/adamczewski\/wp-json\/wp\/v2\/posts\/10841"}],"collection":[{"href":"https:\/\/blog.polityka.pl\/adamczewski\/wp-json\/wp\/v2\/posts"}],"about":[{"href":"https:\/\/blog.polityka.pl\/adamczewski\/wp-json\/wp\/v2\/types\/post"}],"author":[{"embeddable":true,"href":"https:\/\/blog.polityka.pl\/adamczewski\/wp-json\/wp\/v2\/users\/2"}],"replies":[{"embeddable":true,"href":"https:\/\/blog.polityka.pl\/adamczewski\/wp-json\/wp\/v2\/comments?post=10841"}],"version-history":[{"count":0,"href":"https:\/\/blog.polityka.pl\/adamczewski\/wp-json\/wp\/v2\/posts\/10841\/revisions"}],"wp:attachment":[{"href":"https:\/\/blog.polityka.pl\/adamczewski\/wp-json\/wp\/v2\/media?parent=10841"}],"wp:term":[{"taxonomy":"category","embeddable":true,"href":"https:\/\/blog.polityka.pl\/adamczewski\/wp-json\/wp\/v2\/categories?post=10841"},{"taxonomy":"post_tag","embeddable":true,"href":"https:\/\/blog.polityka.pl\/adamczewski\/wp-json\/wp\/v2\/tags?post=10841"}],"curies":[{"name":"wp","href":"https:\/\/api.w.org\/{rel}","templated":true}]}}