
{"id":10842,"date":"2011-05-13T07:47:40","date_gmt":"2011-05-13T06:47:40","guid":{"rendered":"http:\/\/adamczewscy.pl\/?p=3196"},"modified":"2011-05-13T07:47:40","modified_gmt":"2011-05-13T06:47:40","slug":"pikantna-zupa-bananowa","status":"publish","type":"post","link":"https:\/\/blog.polityka.pl\/adamczewski\/2011\/05\/13\/pikantna-zupa-bananowa\/","title":{"rendered":"Pikantna zupa bananowa"},"content":{"rendered":"<p><em>4 du\u017ce banany, 2 cebule, 3\/4 szklanki jogurtu naturalnego, 4 szklanki bulionu warzywnego z kostki, 2 \u0142y\u017cki \u0142agodnej przyprawy curry, \u0142y\u017cka ostrej papryki, 3 \u0142y\u017cki oliwy<\/em><\/p>\n<p>1. Rozgrza\u0107 w garnku oliw\u0119, doda\u0107 pokrojone w kr\u0105\u017cki cebule i chwil\u0119 sma\u017cy\u0107.<br \/>\n2. Pokroi\u0107 w plasterki 3 banany, doda\u0107 do cebuli, wla\u0107 bulion, doda\u0107 curry i ostr\u0105 papryk\u0119. Gotowa\u0107 20 minut.<br \/>\n3. Zup\u0119 lekko och\u0142odzi\u0107 zmiksowa\u0107 na g\u0142adki krem.<br \/>\n4. Podaj\u0105c doda\u0107 pokrojony w plasterki ostatni banan<\/p>\n","protected":false},"excerpt":{"rendered":"<p>4 du\u017ce banany, 2 cebule, 3\/4 szklanki jogurtu naturalnego, 4 szklanki bulionu warzywnego z kostki, 2 \u0142y\u017cki \u0142agodnej przyprawy curry, \u0142y\u017cka ostrej papryki, 3 \u0142y\u017cki oliwy 1. Rozgrza\u0107 w garnku oliw\u0119, doda\u0107 pokrojone w kr\u0105\u017cki cebule i chwil\u0119 sma\u017cy\u0107. 2. Pokroi\u0107 w plasterki 3 banany, doda\u0107 do cebuli, wla\u0107 bulion, doda\u0107 curry i ostr\u0105 papryk\u0119. [&hellip;]<\/p>\n","protected":false},"author":2,"featured_media":0,"comment_status":"open","ping_status":"open","sticky":false,"template":"","format":"standard","meta":{"footnotes":""},"categories":[1],"tags":[],"_links":{"self":[{"href":"https:\/\/blog.polityka.pl\/adamczewski\/wp-json\/wp\/v2\/posts\/10842"}],"collection":[{"href":"https:\/\/blog.polityka.pl\/adamczewski\/wp-json\/wp\/v2\/posts"}],"about":[{"href":"https:\/\/blog.polityka.pl\/adamczewski\/wp-json\/wp\/v2\/types\/post"}],"author":[{"embeddable":true,"href":"https:\/\/blog.polityka.pl\/adamczewski\/wp-json\/wp\/v2\/users\/2"}],"replies":[{"embeddable":true,"href":"https:\/\/blog.polityka.pl\/adamczewski\/wp-json\/wp\/v2\/comments?post=10842"}],"version-history":[{"count":0,"href":"https:\/\/blog.polityka.pl\/adamczewski\/wp-json\/wp\/v2\/posts\/10842\/revisions"}],"wp:attachment":[{"href":"https:\/\/blog.polityka.pl\/adamczewski\/wp-json\/wp\/v2\/media?parent=10842"}],"wp:term":[{"taxonomy":"category","embeddable":true,"href":"https:\/\/blog.polityka.pl\/adamczewski\/wp-json\/wp\/v2\/categories?post=10842"},{"taxonomy":"post_tag","embeddable":true,"href":"https:\/\/blog.polityka.pl\/adamczewski\/wp-json\/wp\/v2\/tags?post=10842"}],"curies":[{"name":"wp","href":"https:\/\/api.w.org\/{rel}","templated":true}]}}