
{"id":10843,"date":"2011-05-13T07:48:26","date_gmt":"2011-05-13T06:48:26","guid":{"rendered":"http:\/\/adamczewscy.pl\/?p=3197"},"modified":"2011-05-13T07:48:26","modified_gmt":"2011-05-13T06:48:26","slug":"kielbaski-w-boczku","status":"publish","type":"post","link":"https:\/\/blog.polityka.pl\/adamczewski\/2011\/05\/13\/kielbaski-w-boczku\/","title":{"rendered":"Kie\u0142baski w boczku"},"content":{"rendered":"<p><em>8 kie\u0142basek (mog\u0105 to by\u0107 na przyk\u0142ad frankfurterki lub par\u00f3wki w naturalnej os\u0142once), 8 plasterk\u00f3w w\u0119dzonego boczku, 2 plasterki \u017c\u00f3\u0142tego sera, \u0142y\u017ceczka posiekanego \u015bwie\u017cego tymianku, 3 \u0142y\u017ceczki s\u0142odkiej mielonej papryki<br \/>\n<\/em><br \/>\n1. Podzieli\u0107 ka\u017cdy plasterek sera na 4 paski. Kie\u0142baski lub par\u00f3wki naci\u0105\u0107 ostrym no\u017cem wzd\u0142u\u017c na g\u0142\u0119boko\u015b\u0107 centymetra, w\u0142o\u017cy\u0107 w naci\u0119cie pasek sera, owin\u0105\u0107 kie\u0142bask\u0119 w\u0119dzonym boczkiem i spi\u0105\u0107 wyka\u0142aczk\u0105.<br \/>\n2. Kie\u0142baski posypa\u0107 siekanym tymiankiem i mielon\u0105 s\u0142odk\u0105 papryk\u0105.<br \/>\n3. W nagrzanym do 200\u00b0C piekarniku piec par\u00f3wki, a\u017c boczek si\u0119 zrumieni. <\/p>\n","protected":false},"excerpt":{"rendered":"<p>8 kie\u0142basek (mog\u0105 to by\u0107 na przyk\u0142ad frankfurterki lub par\u00f3wki w naturalnej os\u0142once), 8 plasterk\u00f3w w\u0119dzonego boczku, 2 plasterki \u017c\u00f3\u0142tego sera, \u0142y\u017ceczka posiekanego \u015bwie\u017cego tymianku, 3 \u0142y\u017ceczki s\u0142odkiej mielonej papryki 1. Podzieli\u0107 ka\u017cdy plasterek sera na 4 paski. Kie\u0142baski lub par\u00f3wki naci\u0105\u0107 ostrym no\u017cem wzd\u0142u\u017c na g\u0142\u0119boko\u015b\u0107 centymetra, w\u0142o\u017cy\u0107 w naci\u0119cie pasek sera, owin\u0105\u0107 kie\u0142bask\u0119 [&hellip;]<\/p>\n","protected":false},"author":2,"featured_media":0,"comment_status":"open","ping_status":"open","sticky":false,"template":"","format":"standard","meta":{"footnotes":""},"categories":[1],"tags":[],"_links":{"self":[{"href":"https:\/\/blog.polityka.pl\/adamczewski\/wp-json\/wp\/v2\/posts\/10843"}],"collection":[{"href":"https:\/\/blog.polityka.pl\/adamczewski\/wp-json\/wp\/v2\/posts"}],"about":[{"href":"https:\/\/blog.polityka.pl\/adamczewski\/wp-json\/wp\/v2\/types\/post"}],"author":[{"embeddable":true,"href":"https:\/\/blog.polityka.pl\/adamczewski\/wp-json\/wp\/v2\/users\/2"}],"replies":[{"embeddable":true,"href":"https:\/\/blog.polityka.pl\/adamczewski\/wp-json\/wp\/v2\/comments?post=10843"}],"version-history":[{"count":0,"href":"https:\/\/blog.polityka.pl\/adamczewski\/wp-json\/wp\/v2\/posts\/10843\/revisions"}],"wp:attachment":[{"href":"https:\/\/blog.polityka.pl\/adamczewski\/wp-json\/wp\/v2\/media?parent=10843"}],"wp:term":[{"taxonomy":"category","embeddable":true,"href":"https:\/\/blog.polityka.pl\/adamczewski\/wp-json\/wp\/v2\/categories?post=10843"},{"taxonomy":"post_tag","embeddable":true,"href":"https:\/\/blog.polityka.pl\/adamczewski\/wp-json\/wp\/v2\/tags?post=10843"}],"curies":[{"name":"wp","href":"https:\/\/api.w.org\/{rel}","templated":true}]}}