
{"id":10844,"date":"2011-05-19T16:18:45","date_gmt":"2011-05-19T15:18:45","guid":{"rendered":"http:\/\/adamczewscy.pl\/?p=3199"},"modified":"2011-05-19T16:18:45","modified_gmt":"2011-05-19T15:18:45","slug":"dorsz-pod-grzankami-z-chrzanem","status":"publish","type":"post","link":"https:\/\/blog.polityka.pl\/adamczewski\/2011\/05\/19\/dorsz-pod-grzankami-z-chrzanem\/","title":{"rendered":"Dorsz pod grzankami z chrzanem"},"content":{"rendered":"<p><em>4-6 niedu\u017cych, ?jednoosobowych? filet\u00f3w z dorsza(raczej bez sk\u00f3ry), z\u0105bek czosnku, 5 \u0142y\u017cek chrzanu, 3 \u0142y\u017cki siekanej zielonej pietruszki,3 \u0142y\u017cki siekanego koperku,2 kajzerki,  s\u00f3l, pieprz<\/em><\/p>\n<p>1.Filety umy\u0107, osuszy\u0107 kuchennym papierowym r\u0119cznikiem. Wymiesza\u0107 przeci\u015bni\u0119ty czosnek z sol\u0105 i pieprzem, posmarowa\u0107 p\u0142aty ryby.<br \/>\n2.Kajzerki  pokroi\u0107  w ma\u0142\u0105 kostk\u0119  jak na grzanki, wymiesza\u0107 z chrzanem, kolendr\u0105 i koperkiem, lekko doprawi\u0107 sol\u0105 i pieprzem.<br \/>\n3.W \u017caroodpornym naczyniu u\u0142o\u017cy\u0107 filety, przykry\u0107 je mieszank\u0105  z pieczywa,chrzanu i zieleniny.<br \/>\n4.Nagrza\u0107  piekarnik do 180\u00b0C i zapieka\u0107  dorsza 25minut.<\/p>\n","protected":false},"excerpt":{"rendered":"<p>4-6 niedu\u017cych, ?jednoosobowych? filet\u00f3w z dorsza(raczej bez sk\u00f3ry), z\u0105bek czosnku, 5 \u0142y\u017cek chrzanu, 3 \u0142y\u017cki siekanej zielonej pietruszki,3 \u0142y\u017cki siekanego koperku,2 kajzerki, s\u00f3l, pieprz 1.Filety umy\u0107, osuszy\u0107 kuchennym papierowym r\u0119cznikiem. Wymiesza\u0107 przeci\u015bni\u0119ty czosnek z sol\u0105 i pieprzem, posmarowa\u0107 p\u0142aty ryby. 2.Kajzerki pokroi\u0107 w ma\u0142\u0105 kostk\u0119 jak na grzanki, wymiesza\u0107 z chrzanem, kolendr\u0105 i koperkiem, lekko [&hellip;]<\/p>\n","protected":false},"author":2,"featured_media":0,"comment_status":"open","ping_status":"open","sticky":false,"template":"","format":"standard","meta":{"footnotes":""},"categories":[1],"tags":[],"_links":{"self":[{"href":"https:\/\/blog.polityka.pl\/adamczewski\/wp-json\/wp\/v2\/posts\/10844"}],"collection":[{"href":"https:\/\/blog.polityka.pl\/adamczewski\/wp-json\/wp\/v2\/posts"}],"about":[{"href":"https:\/\/blog.polityka.pl\/adamczewski\/wp-json\/wp\/v2\/types\/post"}],"author":[{"embeddable":true,"href":"https:\/\/blog.polityka.pl\/adamczewski\/wp-json\/wp\/v2\/users\/2"}],"replies":[{"embeddable":true,"href":"https:\/\/blog.polityka.pl\/adamczewski\/wp-json\/wp\/v2\/comments?post=10844"}],"version-history":[{"count":0,"href":"https:\/\/blog.polityka.pl\/adamczewski\/wp-json\/wp\/v2\/posts\/10844\/revisions"}],"wp:attachment":[{"href":"https:\/\/blog.polityka.pl\/adamczewski\/wp-json\/wp\/v2\/media?parent=10844"}],"wp:term":[{"taxonomy":"category","embeddable":true,"href":"https:\/\/blog.polityka.pl\/adamczewski\/wp-json\/wp\/v2\/categories?post=10844"},{"taxonomy":"post_tag","embeddable":true,"href":"https:\/\/blog.polityka.pl\/adamczewski\/wp-json\/wp\/v2\/tags?post=10844"}],"curies":[{"name":"wp","href":"https:\/\/api.w.org\/{rel}","templated":true}]}}