
{"id":10845,"date":"2011-05-19T16:19:21","date_gmt":"2011-05-19T15:19:21","guid":{"rendered":"http:\/\/adamczewscy.pl\/?p=3200"},"modified":"2011-05-19T16:19:21","modified_gmt":"2011-05-19T15:19:21","slug":"kotlety-drobiowe-oryginalne","status":"publish","type":"post","link":"https:\/\/blog.polityka.pl\/adamczewski\/2011\/05\/19\/kotlety-drobiowe-oryginalne\/","title":{"rendered":"Kotlety drobiowe oryginalne"},"content":{"rendered":"<p><em>50 dag piersi z kurczaka,2 \u017c\u00f3\u0142tka,2 \u0142y\u017cki posiekanej \u015bwie\u017cej kolendry,3 \u0142y\u017cki oleju, najlepiej sezamowego,2 szalotki, p\u00f3\u0142 czerwonej papryki,2 z\u0105bki czosnku, \u0142y\u017ceczka  z czubem startego \u015bwie\u017cego imbiru<br \/>\nDo panierowania: \u0142y\u017cka sezamu<\/em><\/p>\n<p>1.Szalotki posieka\u0107 ,papryk\u0119 pokroi\u0107 w drobn\u0105 kostk\u0119 , czosnek przecisn\u0105\u0107 przez prask\u0119.<br \/>\n2.Na rozgrzanej \u0142y\u017cce  oleju zeszkli\u0107  cebul\u0119  i czosnek, doda\u0107 papryk\u0119  oraz imbir. Ostudzi\u0107.<br \/>\n3.Mi\u0119so zmieli\u0107  w maszynce do mi\u0119sa, doda\u0107 \u017c\u00f3\u0142tka, kolendr\u0119 oraz podsma\u017cone warzywa, wymiesza\u0107 i pod przykryciem wstawi\u0107 do lod\u00f3wki na co najmniej p\u00f3\u0142 godziny.<br \/>\n4.Wyj\u0119te z lod\u00f3wki mi\u0119so formowa\u0107  nat\u0142uszczonymi d\u0142o\u0144mi  w kszta\u0142tne, owalne kotleciki, panierowa\u0107 w sezamie i sma\u017cy\u0107  na pozosta\u0142ym oleju sezamowym na rumiano.<\/p>\n","protected":false},"excerpt":{"rendered":"<p>50 dag piersi z kurczaka,2 \u017c\u00f3\u0142tka,2 \u0142y\u017cki posiekanej \u015bwie\u017cej kolendry,3 \u0142y\u017cki oleju, najlepiej sezamowego,2 szalotki, p\u00f3\u0142 czerwonej papryki,2 z\u0105bki czosnku, \u0142y\u017ceczka z czubem startego \u015bwie\u017cego imbiru Do panierowania: \u0142y\u017cka sezamu 1.Szalotki posieka\u0107 ,papryk\u0119 pokroi\u0107 w drobn\u0105 kostk\u0119 , czosnek przecisn\u0105\u0107 przez prask\u0119. 2.Na rozgrzanej \u0142y\u017cce oleju zeszkli\u0107 cebul\u0119 i czosnek, doda\u0107 papryk\u0119 oraz imbir. Ostudzi\u0107. [&hellip;]<\/p>\n","protected":false},"author":2,"featured_media":0,"comment_status":"open","ping_status":"open","sticky":false,"template":"","format":"standard","meta":{"footnotes":""},"categories":[1],"tags":[],"_links":{"self":[{"href":"https:\/\/blog.polityka.pl\/adamczewski\/wp-json\/wp\/v2\/posts\/10845"}],"collection":[{"href":"https:\/\/blog.polityka.pl\/adamczewski\/wp-json\/wp\/v2\/posts"}],"about":[{"href":"https:\/\/blog.polityka.pl\/adamczewski\/wp-json\/wp\/v2\/types\/post"}],"author":[{"embeddable":true,"href":"https:\/\/blog.polityka.pl\/adamczewski\/wp-json\/wp\/v2\/users\/2"}],"replies":[{"embeddable":true,"href":"https:\/\/blog.polityka.pl\/adamczewski\/wp-json\/wp\/v2\/comments?post=10845"}],"version-history":[{"count":0,"href":"https:\/\/blog.polityka.pl\/adamczewski\/wp-json\/wp\/v2\/posts\/10845\/revisions"}],"wp:attachment":[{"href":"https:\/\/blog.polityka.pl\/adamczewski\/wp-json\/wp\/v2\/media?parent=10845"}],"wp:term":[{"taxonomy":"category","embeddable":true,"href":"https:\/\/blog.polityka.pl\/adamczewski\/wp-json\/wp\/v2\/categories?post=10845"},{"taxonomy":"post_tag","embeddable":true,"href":"https:\/\/blog.polityka.pl\/adamczewski\/wp-json\/wp\/v2\/tags?post=10845"}],"curies":[{"name":"wp","href":"https:\/\/api.w.org\/{rel}","templated":true}]}}