
{"id":10846,"date":"2011-05-19T16:19:49","date_gmt":"2011-05-19T15:19:49","guid":{"rendered":"http:\/\/adamczewscy.pl\/?p=3201"},"modified":"2011-05-19T16:19:49","modified_gmt":"2011-05-19T15:19:49","slug":"babka-piaskowa-bardzo-prosta","status":"publish","type":"post","link":"https:\/\/blog.polityka.pl\/adamczewski\/2011\/05\/19\/babka-piaskowa-bardzo-prosta\/","title":{"rendered":"Babka piaskowa  bardzo prosta"},"content":{"rendered":"<p><em>P\u00f3\u0142 kostki mas\u0142a(125 g),13 \u0142y\u017cek cukru(12dag),15 \u0142y\u017cek m\u0105ki pszennej,9 \u0142y\u017cek m\u0105ki ziemniaczanej, 3 jaja, szklanka mleka, ma\u0142y  proszek do pieczenia, cukier waniliowy z prawdziw\u0105 wanili\u0105<br \/>\nDo wysmarowania foremki: \u0142y\u017cka mas\u0142a<br \/>\nDo wysypania foremki: \u0142y\u017cka tartej bu\u0142ki<\/em><\/p>\n<p>1.Utrze\u0107 mikserem mas\u0142o, ucieraj\u0105c dodawa\u0107 cukier puder i po kolei \u017c\u00f3\u0142tka.<br \/>\n2.Do utartego mas\u0142a z dodatkami doda\u0107 obie maki i mleko, wymiesza\u0107 mikserem, doda\u0107 proszek do pieczenia oraz cukier waniliowy.<br \/>\n3.Ubi\u0107  sztywn\u0105 pian\u0119  z bia\u0142ek i doda\u0107  j\u0105 do ciasta  starannie lecz delikatnie mieszaj\u0105c.<br \/>\n4.Posmarowa\u0107foremke mas\u0142em, wysypa\u0107 tart\u0105 bu\u0142k\u0105 i przelac mas\u0119.<br \/>\n5.Nagrza\u0107 piekarnik do  180\u00b0C i piec babk\u0119 45 minut.<\/p>\n","protected":false},"excerpt":{"rendered":"<p>P\u00f3\u0142 kostki mas\u0142a(125 g),13 \u0142y\u017cek cukru(12dag),15 \u0142y\u017cek m\u0105ki pszennej,9 \u0142y\u017cek m\u0105ki ziemniaczanej, 3 jaja, szklanka mleka, ma\u0142y proszek do pieczenia, cukier waniliowy z prawdziw\u0105 wanili\u0105 Do wysmarowania foremki: \u0142y\u017cka mas\u0142a Do wysypania foremki: \u0142y\u017cka tartej bu\u0142ki 1.Utrze\u0107 mikserem mas\u0142o, ucieraj\u0105c dodawa\u0107 cukier puder i po kolei \u017c\u00f3\u0142tka. 2.Do utartego mas\u0142a z dodatkami doda\u0107 obie maki [&hellip;]<\/p>\n","protected":false},"author":2,"featured_media":0,"comment_status":"open","ping_status":"open","sticky":false,"template":"","format":"standard","meta":{"footnotes":""},"categories":[1],"tags":[],"_links":{"self":[{"href":"https:\/\/blog.polityka.pl\/adamczewski\/wp-json\/wp\/v2\/posts\/10846"}],"collection":[{"href":"https:\/\/blog.polityka.pl\/adamczewski\/wp-json\/wp\/v2\/posts"}],"about":[{"href":"https:\/\/blog.polityka.pl\/adamczewski\/wp-json\/wp\/v2\/types\/post"}],"author":[{"embeddable":true,"href":"https:\/\/blog.polityka.pl\/adamczewski\/wp-json\/wp\/v2\/users\/2"}],"replies":[{"embeddable":true,"href":"https:\/\/blog.polityka.pl\/adamczewski\/wp-json\/wp\/v2\/comments?post=10846"}],"version-history":[{"count":0,"href":"https:\/\/blog.polityka.pl\/adamczewski\/wp-json\/wp\/v2\/posts\/10846\/revisions"}],"wp:attachment":[{"href":"https:\/\/blog.polityka.pl\/adamczewski\/wp-json\/wp\/v2\/media?parent=10846"}],"wp:term":[{"taxonomy":"category","embeddable":true,"href":"https:\/\/blog.polityka.pl\/adamczewski\/wp-json\/wp\/v2\/categories?post=10846"},{"taxonomy":"post_tag","embeddable":true,"href":"https:\/\/blog.polityka.pl\/adamczewski\/wp-json\/wp\/v2\/tags?post=10846"}],"curies":[{"name":"wp","href":"https:\/\/api.w.org\/{rel}","templated":true}]}}