
{"id":10847,"date":"2011-05-19T16:20:50","date_gmt":"2011-05-19T15:20:50","guid":{"rendered":"http:\/\/adamczewscy.pl\/?p=3202"},"modified":"2011-05-19T16:20:50","modified_gmt":"2011-05-19T15:20:50","slug":"piers-indycza-%e2%80%9epyszna%e2%80%9d","status":"publish","type":"post","link":"https:\/\/blog.polityka.pl\/adamczewski\/2011\/05\/19\/piers-indycza-%e2%80%9epyszna%e2%80%9d\/","title":{"rendered":"Pier\u015b indycza ?pyszna?"},"content":{"rendered":"<p><em>Pier\u015b indycza wagi ok.1,5 kg ,torebeczka ? przyprawy do indyka?, s\u00f3l<\/em><\/p>\n<p>1.MIeso umy\u0107, wytrze\u0107  kuchennym papierowym r\u0119cznikiem, posypa\u0107 sol\u0105  i przypraw\u0105  do indyka. Owin\u0105\u0107 szczelnie foli\u0105 spo\u017cywcz\u0105 i odstawi\u0107 do lod\u00f3wki na ca\u0142a noc.<br \/>\n2.Nast?\u0119pnego dnia w\u0142o\u017cy\u0107 mi\u0119so do garnka takiej wielko\u015bci, aby mi\u0119so  mia\u0142o niedu\u017co miejsca, zala\u0107  wrz\u0105c\u0105 wod\u0105.<br \/>\n3.Gotowa\u0107 oko\u0142o 3 godzin, sprawdzi\u0107  w czasie gotowania, czy woda jest do\u015b\u0107 s\u0142ona, w razie potrzeby dosoli\u0107.<\/p>\n<p>Doskona\u0142e zar\u00f3wno na gor\u0105co, jak i na zimno  zamiast w\u0119dliny.<\/p>\n","protected":false},"excerpt":{"rendered":"<p>Pier\u015b indycza wagi ok.1,5 kg ,torebeczka ? przyprawy do indyka?, s\u00f3l 1.MIeso umy\u0107, wytrze\u0107 kuchennym papierowym r\u0119cznikiem, posypa\u0107 sol\u0105 i przypraw\u0105 do indyka. Owin\u0105\u0107 szczelnie foli\u0105 spo\u017cywcz\u0105 i odstawi\u0107 do lod\u00f3wki na ca\u0142a noc. 2.Nast?\u0119pnego dnia w\u0142o\u017cy\u0107 mi\u0119so do garnka takiej wielko\u015bci, aby mi\u0119so mia\u0142o niedu\u017co miejsca, zala\u0107 wrz\u0105c\u0105 wod\u0105. 3.Gotowa\u0107 oko\u0142o 3 godzin, sprawdzi\u0107 [&hellip;]<\/p>\n","protected":false},"author":2,"featured_media":0,"comment_status":"open","ping_status":"open","sticky":false,"template":"","format":"standard","meta":{"footnotes":""},"categories":[1],"tags":[],"_links":{"self":[{"href":"https:\/\/blog.polityka.pl\/adamczewski\/wp-json\/wp\/v2\/posts\/10847"}],"collection":[{"href":"https:\/\/blog.polityka.pl\/adamczewski\/wp-json\/wp\/v2\/posts"}],"about":[{"href":"https:\/\/blog.polityka.pl\/adamczewski\/wp-json\/wp\/v2\/types\/post"}],"author":[{"embeddable":true,"href":"https:\/\/blog.polityka.pl\/adamczewski\/wp-json\/wp\/v2\/users\/2"}],"replies":[{"embeddable":true,"href":"https:\/\/blog.polityka.pl\/adamczewski\/wp-json\/wp\/v2\/comments?post=10847"}],"version-history":[{"count":0,"href":"https:\/\/blog.polityka.pl\/adamczewski\/wp-json\/wp\/v2\/posts\/10847\/revisions"}],"wp:attachment":[{"href":"https:\/\/blog.polityka.pl\/adamczewski\/wp-json\/wp\/v2\/media?parent=10847"}],"wp:term":[{"taxonomy":"category","embeddable":true,"href":"https:\/\/blog.polityka.pl\/adamczewski\/wp-json\/wp\/v2\/categories?post=10847"},{"taxonomy":"post_tag","embeddable":true,"href":"https:\/\/blog.polityka.pl\/adamczewski\/wp-json\/wp\/v2\/tags?post=10847"}],"curies":[{"name":"wp","href":"https:\/\/api.w.org\/{rel}","templated":true}]}}