
{"id":10848,"date":"2011-05-19T16:21:12","date_gmt":"2011-05-19T15:21:12","guid":{"rendered":"http:\/\/adamczewscy.pl\/?p=3203"},"modified":"2011-05-19T16:21:12","modified_gmt":"2011-05-19T15:21:12","slug":"kremowka-blyskawiczna","status":"publish","type":"post","link":"https:\/\/blog.polityka.pl\/adamczewski\/2011\/05\/19\/kremowka-blyskawiczna\/","title":{"rendered":"Krem\u00f3wka b\u0142yskawiczna"},"content":{"rendered":"<p><em>36 prostok\u0105tnych herbatnik\u00f3w<br \/>\nNa krem: 3 szklanki mleka, kostka mas\u0142a,3\/4 szklanki cukru, cukier waniliowy z prawdziw\u0105 wanili\u0105,3 jajka, cukier puder do posypania<br \/>\n<\/em><br \/>\n1.Pouk\u0142ada\u0107 po\u0142ow\u0119 herbatnik\u00f3w w wy\u0142o\u017conej papierem do wypiek\u00f3w foremce.<br \/>\n2.Zmiksowa\u0107 szklank\u0119 mleka z m\u0105k\u0105 i jajkami.<br \/>\n3.2 szklanki mleka zagotowa\u0107 z cukrem  i cukrem  waniliowym oraz mas\u0142em.<br \/>\n4.Do gor\u0105cego mleka wlewa\u0107 zmiksowane mleko i mieszaj\u0105c zagotowa\u0107. Kiedy masa zg\u0119stnieje, wy\u0142o\u017cy\u0107 mas\u0119  na u\u0142o\u017cone w foremce  herbatniki, przykry\u0107  pozosta\u0142ymi herbatnikami, na wierzchu po\u0142o\u017cy\u0107  kawa\u0142ek papieru do wypiek\u00f3w i odstawi\u0107 przyci\u015bni\u0119te niezbyt ci\u0119\u017ck\u0105 desk\u0105 lub  foremk\u0105 do pieczenia. Odstawi\u0107  do zupe\u0142nego ostudzenia.<br \/>\n5.Wierzch posypa\u0107 przez sitko cukrem pudrem, podzieli\u0107 na porcje.<\/p>\n","protected":false},"excerpt":{"rendered":"<p>36 prostok\u0105tnych herbatnik\u00f3w Na krem: 3 szklanki mleka, kostka mas\u0142a,3\/4 szklanki cukru, cukier waniliowy z prawdziw\u0105 wanili\u0105,3 jajka, cukier puder do posypania 1.Pouk\u0142ada\u0107 po\u0142ow\u0119 herbatnik\u00f3w w wy\u0142o\u017conej papierem do wypiek\u00f3w foremce. 2.Zmiksowa\u0107 szklank\u0119 mleka z m\u0105k\u0105 i jajkami. 3.2 szklanki mleka zagotowa\u0107 z cukrem i cukrem waniliowym oraz mas\u0142em. 4.Do gor\u0105cego mleka wlewa\u0107 zmiksowane mleko [&hellip;]<\/p>\n","protected":false},"author":2,"featured_media":0,"comment_status":"open","ping_status":"open","sticky":false,"template":"","format":"standard","meta":{"footnotes":""},"categories":[1],"tags":[],"_links":{"self":[{"href":"https:\/\/blog.polityka.pl\/adamczewski\/wp-json\/wp\/v2\/posts\/10848"}],"collection":[{"href":"https:\/\/blog.polityka.pl\/adamczewski\/wp-json\/wp\/v2\/posts"}],"about":[{"href":"https:\/\/blog.polityka.pl\/adamczewski\/wp-json\/wp\/v2\/types\/post"}],"author":[{"embeddable":true,"href":"https:\/\/blog.polityka.pl\/adamczewski\/wp-json\/wp\/v2\/users\/2"}],"replies":[{"embeddable":true,"href":"https:\/\/blog.polityka.pl\/adamczewski\/wp-json\/wp\/v2\/comments?post=10848"}],"version-history":[{"count":0,"href":"https:\/\/blog.polityka.pl\/adamczewski\/wp-json\/wp\/v2\/posts\/10848\/revisions"}],"wp:attachment":[{"href":"https:\/\/blog.polityka.pl\/adamczewski\/wp-json\/wp\/v2\/media?parent=10848"}],"wp:term":[{"taxonomy":"category","embeddable":true,"href":"https:\/\/blog.polityka.pl\/adamczewski\/wp-json\/wp\/v2\/categories?post=10848"},{"taxonomy":"post_tag","embeddable":true,"href":"https:\/\/blog.polityka.pl\/adamczewski\/wp-json\/wp\/v2\/tags?post=10848"}],"curies":[{"name":"wp","href":"https:\/\/api.w.org\/{rel}","templated":true}]}}