
{"id":10849,"date":"2011-05-27T06:43:32","date_gmt":"2011-05-27T05:43:32","guid":{"rendered":"http:\/\/adamczewscy.pl\/?p=3205"},"modified":"2011-05-27T06:43:32","modified_gmt":"2011-05-27T05:43:32","slug":"budyn-z-bulek-i-kurczaka","status":"publish","type":"post","link":"https:\/\/blog.polityka.pl\/adamczewski\/2011\/05\/27\/budyn-z-bulek-i-kurczaka\/","title":{"rendered":"Budy\u0144 z bu\u0142ek i kurczaka"},"content":{"rendered":"<p><em>50 dag mi\u0119sa bez ko\u015bci z kurcz\u0119cych udek, marchew, cebula, 4 czerstwe kajzerki, p\u00f3\u0142 szklanki \u015bmietany 12-proc. 2 jaja, 20 dag pieczarek, ? szklanki startego \u017c\u00f3\u0142tego sera, 4 \u0142y\u017cki oleju, s\u00f3l, pieprz<br \/>\n<\/em><br \/>\n1. Mi\u0119so umy\u0107, wytrze\u0107 kuchennym papierowym r\u0119cznikiem i pokroi\u0107 centymetrowe paski, opr\u00f3szy\u0107 sol\u0105 i pieprzem. Pokroi\u0107 marchew w plasterki, cebule posieka\u0107 niezbyt drobno.<br \/>\n2. Mi\u0119so z warzywami dusi\u0107 na 2 \u0142y\u017ckach oleju do zupe\u0142nej mi\u0119kko\u015bci, od czasu do czasu podlewaj\u0105c wod\u0105.<br \/>\n3. Kajzerki pokroi\u0107 w kostk\u0119. \u015amietan\u0119 wymiesza\u0107 z jajkami i doda\u0107 do kajzerek, doda\u0107 tak\u017ce s\u00f3l i pieprz.<br \/>\n4. Pieczarki umy\u0107, pokroi\u0107 w plasterki, poddusi\u0107 na pozosta\u0142ym oleju.<br \/>\n5. W do\u015b\u0107 du\u017cej misce wymiesza\u0107 pokrojone mi\u0119so, pieczarki, starty ser, namoczone bu\u0142ki. Doprawi\u0107 do smaku sol\u0105 i pieprzem.<br \/>\n6. Mas\u0119 budyniow\u0105 umie\u015bci\u0107 w \u017caroodpornym naczyniu i w temperaturze160 \u00b0C zapieka\u0107 oko\u0142o 30 minut.<br \/>\nBudy\u0144 podawa\u0107 gor\u0105cy, mo\u017cna doda\u0107 jakikolwiek sos pomidorowy. <\/p>\n","protected":false},"excerpt":{"rendered":"<p>50 dag mi\u0119sa bez ko\u015bci z kurcz\u0119cych udek, marchew, cebula, 4 czerstwe kajzerki, p\u00f3\u0142 szklanki \u015bmietany 12-proc. 2 jaja, 20 dag pieczarek, ? szklanki startego \u017c\u00f3\u0142tego sera, 4 \u0142y\u017cki oleju, s\u00f3l, pieprz 1. Mi\u0119so umy\u0107, wytrze\u0107 kuchennym papierowym r\u0119cznikiem i pokroi\u0107 centymetrowe paski, opr\u00f3szy\u0107 sol\u0105 i pieprzem. Pokroi\u0107 marchew w plasterki, cebule posieka\u0107 niezbyt drobno. [&hellip;]<\/p>\n","protected":false},"author":2,"featured_media":0,"comment_status":"open","ping_status":"open","sticky":false,"template":"","format":"standard","meta":{"footnotes":""},"categories":[1],"tags":[],"_links":{"self":[{"href":"https:\/\/blog.polityka.pl\/adamczewski\/wp-json\/wp\/v2\/posts\/10849"}],"collection":[{"href":"https:\/\/blog.polityka.pl\/adamczewski\/wp-json\/wp\/v2\/posts"}],"about":[{"href":"https:\/\/blog.polityka.pl\/adamczewski\/wp-json\/wp\/v2\/types\/post"}],"author":[{"embeddable":true,"href":"https:\/\/blog.polityka.pl\/adamczewski\/wp-json\/wp\/v2\/users\/2"}],"replies":[{"embeddable":true,"href":"https:\/\/blog.polityka.pl\/adamczewski\/wp-json\/wp\/v2\/comments?post=10849"}],"version-history":[{"count":0,"href":"https:\/\/blog.polityka.pl\/adamczewski\/wp-json\/wp\/v2\/posts\/10849\/revisions"}],"wp:attachment":[{"href":"https:\/\/blog.polityka.pl\/adamczewski\/wp-json\/wp\/v2\/media?parent=10849"}],"wp:term":[{"taxonomy":"category","embeddable":true,"href":"https:\/\/blog.polityka.pl\/adamczewski\/wp-json\/wp\/v2\/categories?post=10849"},{"taxonomy":"post_tag","embeddable":true,"href":"https:\/\/blog.polityka.pl\/adamczewski\/wp-json\/wp\/v2\/tags?post=10849"}],"curies":[{"name":"wp","href":"https:\/\/api.w.org\/{rel}","templated":true}]}}