
{"id":10850,"date":"2011-05-27T06:44:12","date_gmt":"2011-05-27T05:44:12","guid":{"rendered":"http:\/\/adamczewscy.pl\/?p=3206"},"modified":"2011-05-27T06:44:12","modified_gmt":"2011-05-27T05:44:12","slug":"zapieczone-warzywa","status":"publish","type":"post","link":"https:\/\/blog.polityka.pl\/adamczewski\/2011\/05\/27\/zapieczone-warzywa\/","title":{"rendered":"Zapieczone warzywa"},"content":{"rendered":"<p><em>Seler bulwiasty, 5 marchwi, s\u00f3l, pieprz, szczypta cukru, 2 \u0142y\u017cki oliwy z oliwek<\/em><\/p>\n<p>1. Warzywa obra\u0107, pokroi\u0107 w paski wielko\u015bci frytek, u\u0142o\u017cy\u0107 w do\u015b\u0107 szerokim naczyniu \u017caroodpornym, posypa\u0107 sol\u0105, pieprzem i cukrem, wymiesza\u0107. Skropi\u0107 oliw\u0105.<br \/>\n2. Nagrza\u0107 piekarnik do 200\u00b0C i piec warzywa oo\u0142o 20 minut. <\/p>\n","protected":false},"excerpt":{"rendered":"<p>Seler bulwiasty, 5 marchwi, s\u00f3l, pieprz, szczypta cukru, 2 \u0142y\u017cki oliwy z oliwek 1. Warzywa obra\u0107, pokroi\u0107 w paski wielko\u015bci frytek, u\u0142o\u017cy\u0107 w do\u015b\u0107 szerokim naczyniu \u017caroodpornym, posypa\u0107 sol\u0105, pieprzem i cukrem, wymiesza\u0107. Skropi\u0107 oliw\u0105. 2. Nagrza\u0107 piekarnik do 200\u00b0C i piec warzywa oo\u0142o 20 minut.<\/p>\n","protected":false},"author":2,"featured_media":0,"comment_status":"open","ping_status":"open","sticky":false,"template":"","format":"standard","meta":{"footnotes":""},"categories":[1],"tags":[],"_links":{"self":[{"href":"https:\/\/blog.polityka.pl\/adamczewski\/wp-json\/wp\/v2\/posts\/10850"}],"collection":[{"href":"https:\/\/blog.polityka.pl\/adamczewski\/wp-json\/wp\/v2\/posts"}],"about":[{"href":"https:\/\/blog.polityka.pl\/adamczewski\/wp-json\/wp\/v2\/types\/post"}],"author":[{"embeddable":true,"href":"https:\/\/blog.polityka.pl\/adamczewski\/wp-json\/wp\/v2\/users\/2"}],"replies":[{"embeddable":true,"href":"https:\/\/blog.polityka.pl\/adamczewski\/wp-json\/wp\/v2\/comments?post=10850"}],"version-history":[{"count":0,"href":"https:\/\/blog.polityka.pl\/adamczewski\/wp-json\/wp\/v2\/posts\/10850\/revisions"}],"wp:attachment":[{"href":"https:\/\/blog.polityka.pl\/adamczewski\/wp-json\/wp\/v2\/media?parent=10850"}],"wp:term":[{"taxonomy":"category","embeddable":true,"href":"https:\/\/blog.polityka.pl\/adamczewski\/wp-json\/wp\/v2\/categories?post=10850"},{"taxonomy":"post_tag","embeddable":true,"href":"https:\/\/blog.polityka.pl\/adamczewski\/wp-json\/wp\/v2\/tags?post=10850"}],"curies":[{"name":"wp","href":"https:\/\/api.w.org\/{rel}","templated":true}]}}