
{"id":10851,"date":"2011-05-27T06:45:09","date_gmt":"2011-05-27T05:45:09","guid":{"rendered":"http:\/\/adamczewscy.pl\/?p=3207"},"modified":"2011-05-27T06:45:09","modified_gmt":"2011-05-27T05:45:09","slug":"steki-z-indyka-z-sosem","status":"publish","type":"post","link":"https:\/\/blog.polityka.pl\/adamczewski\/2011\/05\/27\/steki-z-indyka-z-sosem\/","title":{"rendered":"Steki z indyka z sosem"},"content":{"rendered":"<p><em>60 dag piersi indyczej, ma\u0142a cebula, 2 z\u0105bki czosnku, 20-30 dag pomidork\u00f3w koktajlowych, ? szklanki przecieru pomidorowego,  4 \u0142y\u017cki oleju, pieprz, s\u00f3l, \u0142y\u017cka siekanej zielonej pietruszki<br \/>\n<\/em><br \/>\n1. Mi\u0119so podzieli\u0107 na 4 cz\u0119\u015bci, ka\u017cd\u0105 dok\u0142adnie zbi\u0107 t\u0142uczkiem do mi\u0119sa nadaj\u0105c im \u0142adny owalny kszta\u0142t, posypa\u0107 sol\u0105 i pieprzem.<br \/>\n2. Rozgrza\u0107 na patelni 2 \u0142y\u017cki oleju i zrumieni\u0107 mi\u0119so z obu stron, prze\u0142o\u017cy\u0107 na talerz i przechowywa\u0107 w ciep\u0142ym miejscu.<br \/>\n3. Przygotowa\u0107 sos: na 2 \u0142y\u017ckach oleju podsma\u017cy\u0107 posiekan\u0105 drobno cebul\u0119 i czosnek. Kiedy si\u0119 zrumieni\u0105 doda\u0107 pokrojone na po\u0142\u00f3wki pomidorki koktajlowe, podla\u0107 3 \u0142y\u017ckami wody, doda\u0107 przecier i dusi\u0107 5 minut, doprawi\u0107 sol\u0105 i pieprzem.<br \/>\n4. Kotlety podawa\u0107 polane sosem i posypane siekana zielona pietruszk\u0105. <\/p>\n","protected":false},"excerpt":{"rendered":"<p>60 dag piersi indyczej, ma\u0142a cebula, 2 z\u0105bki czosnku, 20-30 dag pomidork\u00f3w koktajlowych, ? szklanki przecieru pomidorowego, 4 \u0142y\u017cki oleju, pieprz, s\u00f3l, \u0142y\u017cka siekanej zielonej pietruszki 1. Mi\u0119so podzieli\u0107 na 4 cz\u0119\u015bci, ka\u017cd\u0105 dok\u0142adnie zbi\u0107 t\u0142uczkiem do mi\u0119sa nadaj\u0105c im \u0142adny owalny kszta\u0142t, posypa\u0107 sol\u0105 i pieprzem. 2. Rozgrza\u0107 na patelni 2 \u0142y\u017cki oleju i [&hellip;]<\/p>\n","protected":false},"author":2,"featured_media":0,"comment_status":"open","ping_status":"open","sticky":false,"template":"","format":"standard","meta":{"footnotes":""},"categories":[1],"tags":[],"_links":{"self":[{"href":"https:\/\/blog.polityka.pl\/adamczewski\/wp-json\/wp\/v2\/posts\/10851"}],"collection":[{"href":"https:\/\/blog.polityka.pl\/adamczewski\/wp-json\/wp\/v2\/posts"}],"about":[{"href":"https:\/\/blog.polityka.pl\/adamczewski\/wp-json\/wp\/v2\/types\/post"}],"author":[{"embeddable":true,"href":"https:\/\/blog.polityka.pl\/adamczewski\/wp-json\/wp\/v2\/users\/2"}],"replies":[{"embeddable":true,"href":"https:\/\/blog.polityka.pl\/adamczewski\/wp-json\/wp\/v2\/comments?post=10851"}],"version-history":[{"count":0,"href":"https:\/\/blog.polityka.pl\/adamczewski\/wp-json\/wp\/v2\/posts\/10851\/revisions"}],"wp:attachment":[{"href":"https:\/\/blog.polityka.pl\/adamczewski\/wp-json\/wp\/v2\/media?parent=10851"}],"wp:term":[{"taxonomy":"category","embeddable":true,"href":"https:\/\/blog.polityka.pl\/adamczewski\/wp-json\/wp\/v2\/categories?post=10851"},{"taxonomy":"post_tag","embeddable":true,"href":"https:\/\/blog.polityka.pl\/adamczewski\/wp-json\/wp\/v2\/tags?post=10851"}],"curies":[{"name":"wp","href":"https:\/\/api.w.org\/{rel}","templated":true}]}}