
{"id":10853,"date":"2011-05-27T06:47:10","date_gmt":"2011-05-27T05:47:10","guid":{"rendered":"http:\/\/adamczewscy.pl\/?p=3209"},"modified":"2011-05-27T06:47:10","modified_gmt":"2011-05-27T05:47:10","slug":"ciasto-jogurtowe-z-aromatem","status":"publish","type":"post","link":"https:\/\/blog.polityka.pl\/adamczewski\/2011\/05\/27\/ciasto-jogurtowe-z-aromatem\/","title":{"rendered":"Ciasto jogurtowe z aromatem"},"content":{"rendered":"<p><em>1,5 szklanki m\u0105ki, szklanka cukru, 3 jajka, s\u00f3l, pomara\u0144cza, ? szklanki oleju, 2 ma\u0142e opakowania jogurtu naturalnego, 2 \u0142y\u017ceczki proszku do pieczenia,<br \/>\nNa polew\u0119: cytryna, p\u00f3\u0142 szklanki cukru<br \/>\n<\/em><\/p>\n<p>1. Oddzieli\u0107 bia\u0142ka od \u017c\u00f3\u0142tek. Utrze\u0107 \u017c\u00f3\u0142tka ze szklank\u0105 cukru.<br \/>\n2. Dok\u0142adnie wyszorowan\u0105 pomara\u0144cz\u0119 otrze\u0107 ze sk\u00f3rki. Sk\u00f3rk\u0119 doda\u0107 do utartych \u017c\u00f3\u0142tek.<br \/>\n3. Do \u017c\u00f3\u0142tek doda\u0107 m\u0105k\u0119, proszek do pieczenia, olej oraz jogurt, dok\u0142adnie wymiesza\u0107.<br \/>\n4. Ubi\u0107 bia\u0142ka ze szczypt\u0105 soli, doda\u0107 do ciasta i delikatnie lecz dok\u0142adnie wymiesza\u0107.<br \/>\n5. Wy\u0142o\u017cy\u0107 blaszk\u0119 (30&#215;25 cm) papierem do wypiek\u00f3w, prze\u0142o\u017cy\u0107 do niej ciasto i piec oko\u0142o 25 minut w temperaturze 180\u00b0C. Ostudzi\u0107, wyj\u0105\u0107 ciasto z blaszki.<br \/>\n6. Wycisn\u0105\u0107 sok z cytryny, doda\u0107 cukier i razem gotowa\u0107 mieszaj\u0105c 15 minut. Polew\u0105 pola\u0107 ca\u0142e ciasto, aby by\u0142o wilgotne. <\/p>\n","protected":false},"excerpt":{"rendered":"<p>1,5 szklanki m\u0105ki, szklanka cukru, 3 jajka, s\u00f3l, pomara\u0144cza, ? szklanki oleju, 2 ma\u0142e opakowania jogurtu naturalnego, 2 \u0142y\u017ceczki proszku do pieczenia, Na polew\u0119: cytryna, p\u00f3\u0142 szklanki cukru 1. Oddzieli\u0107 bia\u0142ka od \u017c\u00f3\u0142tek. Utrze\u0107 \u017c\u00f3\u0142tka ze szklank\u0105 cukru. 2. Dok\u0142adnie wyszorowan\u0105 pomara\u0144cz\u0119 otrze\u0107 ze sk\u00f3rki. Sk\u00f3rk\u0119 doda\u0107 do utartych \u017c\u00f3\u0142tek. 3. Do \u017c\u00f3\u0142tek doda\u0107 m\u0105k\u0119, [&hellip;]<\/p>\n","protected":false},"author":2,"featured_media":0,"comment_status":"open","ping_status":"open","sticky":false,"template":"","format":"standard","meta":{"footnotes":""},"categories":[1],"tags":[],"_links":{"self":[{"href":"https:\/\/blog.polityka.pl\/adamczewski\/wp-json\/wp\/v2\/posts\/10853"}],"collection":[{"href":"https:\/\/blog.polityka.pl\/adamczewski\/wp-json\/wp\/v2\/posts"}],"about":[{"href":"https:\/\/blog.polityka.pl\/adamczewski\/wp-json\/wp\/v2\/types\/post"}],"author":[{"embeddable":true,"href":"https:\/\/blog.polityka.pl\/adamczewski\/wp-json\/wp\/v2\/users\/2"}],"replies":[{"embeddable":true,"href":"https:\/\/blog.polityka.pl\/adamczewski\/wp-json\/wp\/v2\/comments?post=10853"}],"version-history":[{"count":0,"href":"https:\/\/blog.polityka.pl\/adamczewski\/wp-json\/wp\/v2\/posts\/10853\/revisions"}],"wp:attachment":[{"href":"https:\/\/blog.polityka.pl\/adamczewski\/wp-json\/wp\/v2\/media?parent=10853"}],"wp:term":[{"taxonomy":"category","embeddable":true,"href":"https:\/\/blog.polityka.pl\/adamczewski\/wp-json\/wp\/v2\/categories?post=10853"},{"taxonomy":"post_tag","embeddable":true,"href":"https:\/\/blog.polityka.pl\/adamczewski\/wp-json\/wp\/v2\/tags?post=10853"}],"curies":[{"name":"wp","href":"https:\/\/api.w.org\/{rel}","templated":true}]}}