
{"id":10855,"date":"2011-06-03T10:06:28","date_gmt":"2011-06-03T09:06:28","guid":{"rendered":"http:\/\/adamczewscy.pl\/?p=3212"},"modified":"2011-06-03T10:06:28","modified_gmt":"2011-06-03T09:06:28","slug":"blyskawiczny-krupnik-z-kuskusu","status":"publish","type":"post","link":"https:\/\/blog.polityka.pl\/adamczewski\/2011\/06\/03\/blyskawiczny-krupnik-z-kuskusu\/","title":{"rendered":"B\u0142yskawiczny  krupnik z kuskusu"},"content":{"rendered":"<p><em>10 \u0142y\u017cek kuskusu,2 kostki bulionu warzywnego,6 \u0142y\u017cek startego sera w\u0142oszczowskiego,4 \u017c\u00f3\u0142tka, \u0142y\u017cka mas\u0142a, \u0142y\u017cka maggi,2 \u0142y\u017cki siekanej zielonej pietruszki, s\u00f3l, pieprz do smaku<br \/>\n<\/em><br \/>\n1.Zagotowa\u0107 5 szklanek wody, doda\u0107  kostki bulionowe, wsypa\u0107 kuskus ,wymiesza\u0107 i na ma\u0142ym ogniu gotowa\u0107  zup\u0119  pod przykryciem 5 minut. Zdj\u0105\u0107 z ognia.<br \/>\n2.W kubeczku rozm\u0105ci\u0107 \u017c\u00f3\u0142tka, doda\u0107 2-3 \u0142y\u017cki ostudzonej lekko zupy, wymiesza\u0107, wla\u0107 do garnka i ca\u0142o\u015b\u0107 wymiesza\u0107.<br \/>\n3.Do gor\u0105cej ,zaprawionej \u017c\u00f3\u0142tkiem zupy doda\u0107  \u017c\u00f3\u0142ty ser i miesza\u0107 , a\u017c si\u0119 rozpu\u015bci, doprawi\u0107 zup\u0119 przypraw\u0105  maggi, pieprzem i sol\u0105. Przykry\u0107 garnek i pozostawi\u0107 na  3 minuty.<br \/>\n4.Jeszcze raz zup\u0119 wymiesza\u0107 i podaj\u0105c posypa\u0107 tymiankiem i zielon\u0105 pietruszk\u0105.<\/p>\n","protected":false},"excerpt":{"rendered":"<p>10 \u0142y\u017cek kuskusu,2 kostki bulionu warzywnego,6 \u0142y\u017cek startego sera w\u0142oszczowskiego,4 \u017c\u00f3\u0142tka, \u0142y\u017cka mas\u0142a, \u0142y\u017cka maggi,2 \u0142y\u017cki siekanej zielonej pietruszki, s\u00f3l, pieprz do smaku 1.Zagotowa\u0107 5 szklanek wody, doda\u0107 kostki bulionowe, wsypa\u0107 kuskus ,wymiesza\u0107 i na ma\u0142ym ogniu gotowa\u0107 zup\u0119 pod przykryciem 5 minut. Zdj\u0105\u0107 z ognia. 2.W kubeczku rozm\u0105ci\u0107 \u017c\u00f3\u0142tka, doda\u0107 2-3 \u0142y\u017cki ostudzonej lekko [&hellip;]<\/p>\n","protected":false},"author":2,"featured_media":0,"comment_status":"open","ping_status":"open","sticky":false,"template":"","format":"standard","meta":{"footnotes":""},"categories":[1],"tags":[],"_links":{"self":[{"href":"https:\/\/blog.polityka.pl\/adamczewski\/wp-json\/wp\/v2\/posts\/10855"}],"collection":[{"href":"https:\/\/blog.polityka.pl\/adamczewski\/wp-json\/wp\/v2\/posts"}],"about":[{"href":"https:\/\/blog.polityka.pl\/adamczewski\/wp-json\/wp\/v2\/types\/post"}],"author":[{"embeddable":true,"href":"https:\/\/blog.polityka.pl\/adamczewski\/wp-json\/wp\/v2\/users\/2"}],"replies":[{"embeddable":true,"href":"https:\/\/blog.polityka.pl\/adamczewski\/wp-json\/wp\/v2\/comments?post=10855"}],"version-history":[{"count":0,"href":"https:\/\/blog.polityka.pl\/adamczewski\/wp-json\/wp\/v2\/posts\/10855\/revisions"}],"wp:attachment":[{"href":"https:\/\/blog.polityka.pl\/adamczewski\/wp-json\/wp\/v2\/media?parent=10855"}],"wp:term":[{"taxonomy":"category","embeddable":true,"href":"https:\/\/blog.polityka.pl\/adamczewski\/wp-json\/wp\/v2\/categories?post=10855"},{"taxonomy":"post_tag","embeddable":true,"href":"https:\/\/blog.polityka.pl\/adamczewski\/wp-json\/wp\/v2\/tags?post=10855"}],"curies":[{"name":"wp","href":"https:\/\/api.w.org\/{rel}","templated":true}]}}