
{"id":10856,"date":"2011-06-03T10:09:38","date_gmt":"2011-06-03T09:09:38","guid":{"rendered":"http:\/\/adamczewscy.pl\/?p=3213"},"modified":"2011-06-03T10:09:38","modified_gmt":"2011-06-03T09:09:38","slug":"sznycle-z-indyka-ze-szparagami","status":"publish","type":"post","link":"https:\/\/blog.polityka.pl\/adamczewski\/2011\/06\/03\/sznycle-z-indyka-ze-szparagami\/","title":{"rendered":"Sznycle z indyka ze szparagami"},"content":{"rendered":"<p><em>6 plasterk\u00f3w mi\u0119sa z indyczej piersi, p\u0119czek szparag\u00f3w, p\u00f3\u0142 cytryny,3 \u0142y\u017cki oliwy do sma\u017cenia, s\u00f3l, pieprz, cukier<br \/>\n<\/em><br \/>\n1.Sznycle indycze umy\u0107, osuszy\u0107 kuchennym papierowym r\u0119cznikiem, rozbi\u0107 na jednakowej grubo\u015bci p\u0142at, lekko posypa\u0107 pieprzem i sol\u0105.<br \/>\n2.Szparagi obra\u0107  wrzuci\u0107 na wrz\u0105c\u0105 wod\u0119 z dodatkiem soli ,  soku cytrynowego i cukru. Ugotowa\u0107, odcedzi\u0107   i pola\u0107 zimn\u0105 wod\u0105.<br \/>\n3. Na ka\u017cdym sznyclu u\u0142o\u017cy\u0107 kilka przyci\u0119tych szparag\u00f3w i zwin\u0105\u0107 mi\u0119so tak , aby szparagi nie wystawa\u0142y. Warto spi\u0105\u0107 rolady wyka\u0142aczkami.<br \/>\n4.Na rozgrzanym oleju usma\u017cy\u0107 rolady ze wszystkich stron na rumiano.<br \/>\nPodawa\u0107 z dodatkiem ziemniak\u00f3w i lekko obgotowanych broku\u0142\u00f3w.<\/p>\n","protected":false},"excerpt":{"rendered":"<p>6 plasterk\u00f3w mi\u0119sa z indyczej piersi, p\u0119czek szparag\u00f3w, p\u00f3\u0142 cytryny,3 \u0142y\u017cki oliwy do sma\u017cenia, s\u00f3l, pieprz, cukier 1.Sznycle indycze umy\u0107, osuszy\u0107 kuchennym papierowym r\u0119cznikiem, rozbi\u0107 na jednakowej grubo\u015bci p\u0142at, lekko posypa\u0107 pieprzem i sol\u0105. 2.Szparagi obra\u0107 wrzuci\u0107 na wrz\u0105c\u0105 wod\u0119 z dodatkiem soli , soku cytrynowego i cukru. Ugotowa\u0107, odcedzi\u0107 i pola\u0107 zimn\u0105 wod\u0105. 3. [&hellip;]<\/p>\n","protected":false},"author":2,"featured_media":0,"comment_status":"open","ping_status":"open","sticky":false,"template":"","format":"standard","meta":{"footnotes":""},"categories":[1],"tags":[],"_links":{"self":[{"href":"https:\/\/blog.polityka.pl\/adamczewski\/wp-json\/wp\/v2\/posts\/10856"}],"collection":[{"href":"https:\/\/blog.polityka.pl\/adamczewski\/wp-json\/wp\/v2\/posts"}],"about":[{"href":"https:\/\/blog.polityka.pl\/adamczewski\/wp-json\/wp\/v2\/types\/post"}],"author":[{"embeddable":true,"href":"https:\/\/blog.polityka.pl\/adamczewski\/wp-json\/wp\/v2\/users\/2"}],"replies":[{"embeddable":true,"href":"https:\/\/blog.polityka.pl\/adamczewski\/wp-json\/wp\/v2\/comments?post=10856"}],"version-history":[{"count":0,"href":"https:\/\/blog.polityka.pl\/adamczewski\/wp-json\/wp\/v2\/posts\/10856\/revisions"}],"wp:attachment":[{"href":"https:\/\/blog.polityka.pl\/adamczewski\/wp-json\/wp\/v2\/media?parent=10856"}],"wp:term":[{"taxonomy":"category","embeddable":true,"href":"https:\/\/blog.polityka.pl\/adamczewski\/wp-json\/wp\/v2\/categories?post=10856"},{"taxonomy":"post_tag","embeddable":true,"href":"https:\/\/blog.polityka.pl\/adamczewski\/wp-json\/wp\/v2\/tags?post=10856"}],"curies":[{"name":"wp","href":"https:\/\/api.w.org\/{rel}","templated":true}]}}