
{"id":10857,"date":"2011-06-03T10:10:02","date_gmt":"2011-06-03T09:10:02","guid":{"rendered":"http:\/\/adamczewscy.pl\/?p=3214"},"modified":"2011-06-03T10:10:02","modified_gmt":"2011-06-03T09:10:02","slug":"losos-w-grzybach","status":"publish","type":"post","link":"https:\/\/blog.polityka.pl\/adamczewski\/2011\/06\/03\/losos-w-grzybach\/","title":{"rendered":"\u0141oso\u015b w grzybach"},"content":{"rendered":"<p><em>4 steki z \u0142ososia,25 dag mro\u017conych (lub \u015bwie\u017cych) borowik\u00f3w, cebula lub 2 dymki, szklanka \u015bmietany 22-proc.,2 \u0142y\u017cki mas\u0142a,2 \u0142y\u017cki oliwy,  2 \u0142y\u017cki soku cytrynowego, s\u00f3l morska, pieprz, ?  \u0142y\u017ceczki posiekanego \u015bwie\u017cego estragonu<\/em><\/p>\n<p>1.Steki z \u0142ososia umy\u0107, osuszy\u0107 kuchennym papierowym r\u0119cznikiem, skropi\u0107 sokiem cytrynowym. Po 30 minutach obsma\u017cy\u0107  z obu stron na oleju, posypa\u0107 pieprzem. Odstawi\u0107.<br \/>\n2.Cebul\u0119 posieka\u0107 drobno, grzyby pokroi\u0107 w kostk\u0119, podsma\u017cy\u0107 na rozgrzanym ma\u015ble, wla\u0107 \u015bmietan\u0119, doda\u0107 estragon i s\u00f3l .Gotowa\u0107 sos 5 minut, po czym w\u0142o\u017cy\u0107 do niego podsma\u017cone steki i dusi\u0107 , a\u017c ryba b\u0119dzie zupe\u0142nie mi\u0119kka.<br \/>\nPodawa\u0107 z ziemniakami lub ry\u017cem.<\/p>\n","protected":false},"excerpt":{"rendered":"<p>4 steki z \u0142ososia,25 dag mro\u017conych (lub \u015bwie\u017cych) borowik\u00f3w, cebula lub 2 dymki, szklanka \u015bmietany 22-proc.,2 \u0142y\u017cki mas\u0142a,2 \u0142y\u017cki oliwy, 2 \u0142y\u017cki soku cytrynowego, s\u00f3l morska, pieprz, ? \u0142y\u017ceczki posiekanego \u015bwie\u017cego estragonu 1.Steki z \u0142ososia umy\u0107, osuszy\u0107 kuchennym papierowym r\u0119cznikiem, skropi\u0107 sokiem cytrynowym. Po 30 minutach obsma\u017cy\u0107 z obu stron na oleju, posypa\u0107 pieprzem. Odstawi\u0107. [&hellip;]<\/p>\n","protected":false},"author":2,"featured_media":0,"comment_status":"open","ping_status":"open","sticky":false,"template":"","format":"standard","meta":{"footnotes":""},"categories":[1],"tags":[],"_links":{"self":[{"href":"https:\/\/blog.polityka.pl\/adamczewski\/wp-json\/wp\/v2\/posts\/10857"}],"collection":[{"href":"https:\/\/blog.polityka.pl\/adamczewski\/wp-json\/wp\/v2\/posts"}],"about":[{"href":"https:\/\/blog.polityka.pl\/adamczewski\/wp-json\/wp\/v2\/types\/post"}],"author":[{"embeddable":true,"href":"https:\/\/blog.polityka.pl\/adamczewski\/wp-json\/wp\/v2\/users\/2"}],"replies":[{"embeddable":true,"href":"https:\/\/blog.polityka.pl\/adamczewski\/wp-json\/wp\/v2\/comments?post=10857"}],"version-history":[{"count":0,"href":"https:\/\/blog.polityka.pl\/adamczewski\/wp-json\/wp\/v2\/posts\/10857\/revisions"}],"wp:attachment":[{"href":"https:\/\/blog.polityka.pl\/adamczewski\/wp-json\/wp\/v2\/media?parent=10857"}],"wp:term":[{"taxonomy":"category","embeddable":true,"href":"https:\/\/blog.polityka.pl\/adamczewski\/wp-json\/wp\/v2\/categories?post=10857"},{"taxonomy":"post_tag","embeddable":true,"href":"https:\/\/blog.polityka.pl\/adamczewski\/wp-json\/wp\/v2\/tags?post=10857"}],"curies":[{"name":"wp","href":"https:\/\/api.w.org\/{rel}","templated":true}]}}