
{"id":10858,"date":"2011-06-03T10:11:21","date_gmt":"2011-06-03T09:11:21","guid":{"rendered":"http:\/\/adamczewscy.pl\/?p=3215"},"modified":"2011-06-03T10:11:21","modified_gmt":"2011-06-03T09:11:21","slug":"marynowane-udka-na-rodzinne-przyjecie","status":"publish","type":"post","link":"https:\/\/blog.polityka.pl\/adamczewski\/2011\/06\/03\/marynowane-udka-na-rodzinne-przyjecie\/","title":{"rendered":"Marynowane udka (na rodzinne przyj\u0119cie)"},"content":{"rendered":"<p><em>8  udek z kurczaka,<br \/>\nNa marynat\u0119: 10 \u0142y\u017cek oleju,5 \u0142y\u017cek wody,6 \u0142y\u017cek sosu sojowego,6 \u0142y\u017cek octu winnego(najlepiej jab\u0142kowego),4 \u0142y\u017cki p\u0142ynnego miodu,6 z\u0105bk\u00f3w czosnku przeci\u015bni\u0119tych przez prask\u0119, \u0142y\u017ceczka soli, \u0142y\u017ceczka  pieprzu tzw. m\u0142otkowanego, \u0142y\u017cka ostrej musztardy, \u0142y\u017cka keczupu, \u0142y\u017cka posiekanego \u015bwie\u017cego tymianku<br \/>\n<\/em><br \/>\n1.Umy\u0107 udka, osuszy\u0107 kuchennym papierowym r\u0119cznikiem.<br \/>\n2.W sporej misce, porcelanowej lub ze stali nierdzewnej przygotowa\u0107 marynat\u0119 mieszaj\u0105c trzepaczka do piany wszystkie podane sk\u0142adniki . W\u0142o\u017cy\u0107  do marynaty udka i marynowa\u0107  dob\u0119 . Kilkakrotnie przewraca\u0107 mi\u0119so, aby ca\u0142e nasi\u0105ka\u0142o  marynat\u0105.<br \/>\n3.Brytfann\u0119 posmarowa\u0107  lekko olejem, u\u0142o\u017cy\u0107 na niej udka i piec w piekarniku ,w temperaturze 190\u00b0C oko\u0142o 20minut.<br \/>\nUwaga! Tak przygotowane udka mo\u017cna upiec na ogrodowym grillu na dobrze rozgrzanym w\u0119glu drzewnym<\/p>\n","protected":false},"excerpt":{"rendered":"<p>8 udek z kurczaka, Na marynat\u0119: 10 \u0142y\u017cek oleju,5 \u0142y\u017cek wody,6 \u0142y\u017cek sosu sojowego,6 \u0142y\u017cek octu winnego(najlepiej jab\u0142kowego),4 \u0142y\u017cki p\u0142ynnego miodu,6 z\u0105bk\u00f3w czosnku przeci\u015bni\u0119tych przez prask\u0119, \u0142y\u017ceczka soli, \u0142y\u017ceczka pieprzu tzw. m\u0142otkowanego, \u0142y\u017cka ostrej musztardy, \u0142y\u017cka keczupu, \u0142y\u017cka posiekanego \u015bwie\u017cego tymianku 1.Umy\u0107 udka, osuszy\u0107 kuchennym papierowym r\u0119cznikiem. 2.W sporej misce, porcelanowej lub ze stali nierdzewnej [&hellip;]<\/p>\n","protected":false},"author":2,"featured_media":0,"comment_status":"open","ping_status":"open","sticky":false,"template":"","format":"standard","meta":{"footnotes":""},"categories":[1],"tags":[],"_links":{"self":[{"href":"https:\/\/blog.polityka.pl\/adamczewski\/wp-json\/wp\/v2\/posts\/10858"}],"collection":[{"href":"https:\/\/blog.polityka.pl\/adamczewski\/wp-json\/wp\/v2\/posts"}],"about":[{"href":"https:\/\/blog.polityka.pl\/adamczewski\/wp-json\/wp\/v2\/types\/post"}],"author":[{"embeddable":true,"href":"https:\/\/blog.polityka.pl\/adamczewski\/wp-json\/wp\/v2\/users\/2"}],"replies":[{"embeddable":true,"href":"https:\/\/blog.polityka.pl\/adamczewski\/wp-json\/wp\/v2\/comments?post=10858"}],"version-history":[{"count":0,"href":"https:\/\/blog.polityka.pl\/adamczewski\/wp-json\/wp\/v2\/posts\/10858\/revisions"}],"wp:attachment":[{"href":"https:\/\/blog.polityka.pl\/adamczewski\/wp-json\/wp\/v2\/media?parent=10858"}],"wp:term":[{"taxonomy":"category","embeddable":true,"href":"https:\/\/blog.polityka.pl\/adamczewski\/wp-json\/wp\/v2\/categories?post=10858"},{"taxonomy":"post_tag","embeddable":true,"href":"https:\/\/blog.polityka.pl\/adamczewski\/wp-json\/wp\/v2\/tags?post=10858"}],"curies":[{"name":"wp","href":"https:\/\/api.w.org\/{rel}","templated":true}]}}