
{"id":10860,"date":"2011-06-10T06:40:43","date_gmt":"2011-06-10T05:40:43","guid":{"rendered":"http:\/\/adamczewscy.pl\/?p=3218"},"modified":"2011-06-10T06:40:43","modified_gmt":"2011-06-10T05:40:43","slug":"szpinak-na-sposob-hiszpanski","status":"publish","type":"post","link":"https:\/\/blog.polityka.pl\/adamczewski\/2011\/06\/10\/szpinak-na-sposob-hiszpanski\/","title":{"rendered":"Szpinak na spos\u00f3b hiszpa\u0144ski"},"content":{"rendered":"<p><em>1 kg szpinaku, 5 \u0142y\u017cek oliwy, 5 \u0142y\u017cek drobnych rodzynek, 3 \u0142y\u017cki orzeszk\u00f3w piniowych, 4 posiekane z\u0105bki czosnku, s\u00f3l, pieprz<\/em><\/p>\n<p>1. Szpinak obra\u0107, wyp\u0142uka\u0107, dok\u0142adnie os\u0105czy\u0107 z wody.<br \/>\n2. Rodzynki zala\u0107 gor\u0105c\u0105 wod\u0105 na 10 minut, ods\u0105czy\u0107.<br \/>\n3. Na du\u017cej patelni rozgrza\u0107 oliw\u0119 i podsma\u017cy\u0107 orzeszki piniowe, rodzynki i posiekany czosnek, sma\u017cy\u0107 3 minuty, po czym doda\u0107 szpinak w listkach, dusi\u0107 pod pokrywk\u0105. 4. Kiedy wszystkie li\u015bcie zmi\u0119kn\u0105 -odparowa\u0107 bez pokrywki i doprawi\u0107 sol\u0105 i pieprzem. <\/p>\n","protected":false},"excerpt":{"rendered":"<p>1 kg szpinaku, 5 \u0142y\u017cek oliwy, 5 \u0142y\u017cek drobnych rodzynek, 3 \u0142y\u017cki orzeszk\u00f3w piniowych, 4 posiekane z\u0105bki czosnku, s\u00f3l, pieprz 1. Szpinak obra\u0107, wyp\u0142uka\u0107, dok\u0142adnie os\u0105czy\u0107 z wody. 2. Rodzynki zala\u0107 gor\u0105c\u0105 wod\u0105 na 10 minut, ods\u0105czy\u0107. 3. Na du\u017cej patelni rozgrza\u0107 oliw\u0119 i podsma\u017cy\u0107 orzeszki piniowe, rodzynki i posiekany czosnek, sma\u017cy\u0107 3 minuty, po [&hellip;]<\/p>\n","protected":false},"author":2,"featured_media":0,"comment_status":"open","ping_status":"open","sticky":false,"template":"","format":"standard","meta":{"footnotes":""},"categories":[1],"tags":[],"_links":{"self":[{"href":"https:\/\/blog.polityka.pl\/adamczewski\/wp-json\/wp\/v2\/posts\/10860"}],"collection":[{"href":"https:\/\/blog.polityka.pl\/adamczewski\/wp-json\/wp\/v2\/posts"}],"about":[{"href":"https:\/\/blog.polityka.pl\/adamczewski\/wp-json\/wp\/v2\/types\/post"}],"author":[{"embeddable":true,"href":"https:\/\/blog.polityka.pl\/adamczewski\/wp-json\/wp\/v2\/users\/2"}],"replies":[{"embeddable":true,"href":"https:\/\/blog.polityka.pl\/adamczewski\/wp-json\/wp\/v2\/comments?post=10860"}],"version-history":[{"count":0,"href":"https:\/\/blog.polityka.pl\/adamczewski\/wp-json\/wp\/v2\/posts\/10860\/revisions"}],"wp:attachment":[{"href":"https:\/\/blog.polityka.pl\/adamczewski\/wp-json\/wp\/v2\/media?parent=10860"}],"wp:term":[{"taxonomy":"category","embeddable":true,"href":"https:\/\/blog.polityka.pl\/adamczewski\/wp-json\/wp\/v2\/categories?post=10860"},{"taxonomy":"post_tag","embeddable":true,"href":"https:\/\/blog.polityka.pl\/adamczewski\/wp-json\/wp\/v2\/tags?post=10860"}],"curies":[{"name":"wp","href":"https:\/\/api.w.org\/{rel}","templated":true}]}}