
{"id":10862,"date":"2011-06-10T06:41:49","date_gmt":"2011-06-10T05:41:49","guid":{"rendered":"http:\/\/adamczewscy.pl\/?p=3220"},"modified":"2011-06-10T06:41:49","modified_gmt":"2011-06-10T05:41:49","slug":"piersi-z-kurczaka-z-miodem","status":"publish","type":"post","link":"https:\/\/blog.polityka.pl\/adamczewski\/2011\/06\/10\/piersi-z-kurczaka-z-miodem\/","title":{"rendered":"Piersi z kurczaka z miodem"},"content":{"rendered":"<p><em>2 podw\u00f3jne filety z piersi kurczaka, limonka, 2 \u0142y\u017cki miodu, 2 \u0142y\u017cki oliwy z oliwek, 2 z\u0105bki czosnku, 3 \u0142y\u017ceczki posiekanego \u015bwie\u017cego tymianku, s\u00f3l, pieprz<\/em><\/p>\n<p>1. Przygotowa\u0107 zapraw\u0119: wymiesza\u0107 sk\u00f3rk\u0119 start\u0105 z limonki z wyci\u015bni\u0119tym z niej sokiem, sol\u0105, pieprzem, miodem i tymiankiem. Najlepiej by\u0142oby utrze\u0107 w mo\u017adzierzu lub zmiksowa\u0107 na g\u0142adk\u0105 mas\u0119.<br \/>\n2. Filety podzieli\u0107 na porcje, u\u0142o\u017cy\u0107 w naczyniu \u017caroodpornym, posmarowa\u0107 dok\u0142adnie marynat\u0105.<br \/>\n3. W nagrzanym do 180\u00b0C piekarniku piec filety oko\u0142o 30 minut, co 10 minut przewraca\u0107 je na drug\u0105 stron\u0119. <\/p>\n","protected":false},"excerpt":{"rendered":"<p>2 podw\u00f3jne filety z piersi kurczaka, limonka, 2 \u0142y\u017cki miodu, 2 \u0142y\u017cki oliwy z oliwek, 2 z\u0105bki czosnku, 3 \u0142y\u017ceczki posiekanego \u015bwie\u017cego tymianku, s\u00f3l, pieprz 1. Przygotowa\u0107 zapraw\u0119: wymiesza\u0107 sk\u00f3rk\u0119 start\u0105 z limonki z wyci\u015bni\u0119tym z niej sokiem, sol\u0105, pieprzem, miodem i tymiankiem. Najlepiej by\u0142oby utrze\u0107 w mo\u017adzierzu lub zmiksowa\u0107 na g\u0142adk\u0105 mas\u0119. 2. Filety [&hellip;]<\/p>\n","protected":false},"author":2,"featured_media":0,"comment_status":"open","ping_status":"open","sticky":false,"template":"","format":"standard","meta":{"footnotes":""},"categories":[1],"tags":[],"_links":{"self":[{"href":"https:\/\/blog.polityka.pl\/adamczewski\/wp-json\/wp\/v2\/posts\/10862"}],"collection":[{"href":"https:\/\/blog.polityka.pl\/adamczewski\/wp-json\/wp\/v2\/posts"}],"about":[{"href":"https:\/\/blog.polityka.pl\/adamczewski\/wp-json\/wp\/v2\/types\/post"}],"author":[{"embeddable":true,"href":"https:\/\/blog.polityka.pl\/adamczewski\/wp-json\/wp\/v2\/users\/2"}],"replies":[{"embeddable":true,"href":"https:\/\/blog.polityka.pl\/adamczewski\/wp-json\/wp\/v2\/comments?post=10862"}],"version-history":[{"count":0,"href":"https:\/\/blog.polityka.pl\/adamczewski\/wp-json\/wp\/v2\/posts\/10862\/revisions"}],"wp:attachment":[{"href":"https:\/\/blog.polityka.pl\/adamczewski\/wp-json\/wp\/v2\/media?parent=10862"}],"wp:term":[{"taxonomy":"category","embeddable":true,"href":"https:\/\/blog.polityka.pl\/adamczewski\/wp-json\/wp\/v2\/categories?post=10862"},{"taxonomy":"post_tag","embeddable":true,"href":"https:\/\/blog.polityka.pl\/adamczewski\/wp-json\/wp\/v2\/tags?post=10862"}],"curies":[{"name":"wp","href":"https:\/\/api.w.org\/{rel}","templated":true}]}}