
{"id":10864,"date":"2011-06-17T06:48:24","date_gmt":"2011-06-17T05:48:24","guid":{"rendered":"http:\/\/adamczewscy.pl\/?p=3223"},"modified":"2011-06-17T06:48:24","modified_gmt":"2011-06-17T05:48:24","slug":"gulasz-pieczarkowy-2","status":"publish","type":"post","link":"https:\/\/blog.polityka.pl\/adamczewski\/2011\/06\/17\/gulasz-pieczarkowy-2\/","title":{"rendered":"Gulasz pieczarkowy"},"content":{"rendered":"<p><em>50 dag pieczarek, cebula, 3 du\u017ce mi\u0119siste pomidory, \u0142y\u017cka posiekanej zielonej pietruszki, 3 plasterki chudego w\u0119dzonego boczku, s\u00f3l, pieprz, \u0142y\u017cka mas\u0142a<\/em><\/p>\n<p>1. Pokroi\u0107 boczek w kosteczk\u0119, pieczarki po umyciu i osuszeniu pokroi\u0107 na plasterki.<br \/>\n2. W garnku rozgrza\u0107 mas\u0142o, doda\u0107 boczek i podsma\u017cy\u0107, doda\u0107 posiekan\u0105 drobno cebul\u0119 i kiedy si\u0119 zeszkli &#8211; doda\u0107 pieczarki. Dusi\u0107 oko\u0142o 5 minut.<br \/>\n3. Pomidory ponacina\u0107 na wierzchu na krzy\u017c, pola\u0107 wrz\u0105c\u0105 wod\u0105 i zdj\u0105\u0107 sk\u00f3rk\u0119, pokroi\u0107 na \u0107wiartki, doda\u0107 do pieczarek.<br \/>\n4. Dusi\u0107 potraw\u0119 10 minut dodaj\u0105c w czasie gotowania s\u00f3l, pieprz i posiekan\u0105 zielon\u0105 pietruszk\u0119. <\/p>\n","protected":false},"excerpt":{"rendered":"<p>50 dag pieczarek, cebula, 3 du\u017ce mi\u0119siste pomidory, \u0142y\u017cka posiekanej zielonej pietruszki, 3 plasterki chudego w\u0119dzonego boczku, s\u00f3l, pieprz, \u0142y\u017cka mas\u0142a 1. Pokroi\u0107 boczek w kosteczk\u0119, pieczarki po umyciu i osuszeniu pokroi\u0107 na plasterki. 2. W garnku rozgrza\u0107 mas\u0142o, doda\u0107 boczek i podsma\u017cy\u0107, doda\u0107 posiekan\u0105 drobno cebul\u0119 i kiedy si\u0119 zeszkli &#8211; doda\u0107 pieczarki. Dusi\u0107 [&hellip;]<\/p>\n","protected":false},"author":2,"featured_media":0,"comment_status":"open","ping_status":"open","sticky":false,"template":"","format":"standard","meta":{"footnotes":""},"categories":[1],"tags":[],"_links":{"self":[{"href":"https:\/\/blog.polityka.pl\/adamczewski\/wp-json\/wp\/v2\/posts\/10864"}],"collection":[{"href":"https:\/\/blog.polityka.pl\/adamczewski\/wp-json\/wp\/v2\/posts"}],"about":[{"href":"https:\/\/blog.polityka.pl\/adamczewski\/wp-json\/wp\/v2\/types\/post"}],"author":[{"embeddable":true,"href":"https:\/\/blog.polityka.pl\/adamczewski\/wp-json\/wp\/v2\/users\/2"}],"replies":[{"embeddable":true,"href":"https:\/\/blog.polityka.pl\/adamczewski\/wp-json\/wp\/v2\/comments?post=10864"}],"version-history":[{"count":0,"href":"https:\/\/blog.polityka.pl\/adamczewski\/wp-json\/wp\/v2\/posts\/10864\/revisions"}],"wp:attachment":[{"href":"https:\/\/blog.polityka.pl\/adamczewski\/wp-json\/wp\/v2\/media?parent=10864"}],"wp:term":[{"taxonomy":"category","embeddable":true,"href":"https:\/\/blog.polityka.pl\/adamczewski\/wp-json\/wp\/v2\/categories?post=10864"},{"taxonomy":"post_tag","embeddable":true,"href":"https:\/\/blog.polityka.pl\/adamczewski\/wp-json\/wp\/v2\/tags?post=10864"}],"curies":[{"name":"wp","href":"https:\/\/api.w.org\/{rel}","templated":true}]}}